{"id":1222251,"date":"2021-03-05T23:17:55","date_gmt":"2021-03-06T05:17:55","guid":{"rendered":"https:\/\/www.acapulcopress.com\/?p=1222251"},"modified":"2021-03-05T23:17:55","modified_gmt":"2021-03-06T05:17:55","slug":"presidente-dio-banderazo-a-inicio-de-obra-del-tramo-5-del-tren-maya","status":"publish","type":"post","link":"https:\/\/www.acapulcopress.com\/index.php\/2021\/03\/05\/presidente-dio-banderazo-a-inicio-de-obra-del-tramo-5-del-tren-maya\/","title":{"rendered":"Presidente di\u00f3 banderazo a inicio de obra del tramo 5 del Tren Maya"},"content":{"rendered":"<p style=\"text-align: justify;\">PLAYA DEL CARMEN. * 5 de marzo de 2021.<br \/>\n<em>] Gobierno de M\u00e9xico.<\/em><\/p>\n<p style=\"text-align: justify;\">El presidente Andr\u00e9s Mauel L\u00f3pez Obrador inici\u00f3 la gira de trabajo del fin de semana en Benito Ju\u00e1rez, Quintana Roo, donde hoy comenzaron las obras del tramo 5 Norte del Tren Maya que conectar\u00e1 a Canc\u00fan y Playa del Carmen.<\/p>\n<p style=\"text-align: justify;\">Inform\u00f3 que la construcci\u00f3n estar\u00e1 a cargo de los ingenieros militares de la Secretar\u00eda de la Defensa Nacional.<\/p>\n<p style=\"text-align: justify;\">\u201cLes pedimos que se hicieran cargo de este tramo para hacerlo bien y pronto. Un buen trabajo y terminar pronto para no afectar la actividad tur\u00edstica\u201d, explic\u00f3.<\/p>\n<p style=\"text-align: justify;\">Inform\u00f3 que se inaugurar\u00e1 en febrero de 2023 y asegur\u00f3 que no habr\u00e1 afectaciones al ambiente porque el tren <img loading=\"lazy\" decoding=\"async\" class=\"alignleft size-medium wp-image-1222253\" src=\"https:\/\/www.acapulco.press\/wp-content\/uploads\/2021\/03\/TREN-MAYA-PLAYA-CARMEN-375x250.jpg\" alt=\"\" width=\"375\" height=\"250\" \/>recorrer\u00e1 el tramo de 49.8 kil\u00f3metros en una estructura elevada de 9 a 10 metros de altura soportada en concreto fabricada en la misma regi\u00f3n. Los elementos estructurales ser\u00e1n cubiertos por vegetaci\u00f3n natural decorativa.<\/p>\n<p style=\"text-align: justify;\">El ingeniero residente general y comandante del Agrupamiento \u201cSanta Luc\u00eda\u201d, Gustavo Vallejo Su\u00e1rez, indic\u00f3 que la construcci\u00f3n se llevar\u00e1 a cabo de manera r\u00e1pida y segura con respeto a los entornos ecol\u00f3gico y arqueol\u00f3gico. Los trabajos se har\u00e1n las 24 horas del d\u00eda, permitir\u00e1n la movilidad y con la menor afectaci\u00f3n social y econ\u00f3mica.<\/p>\n<p style=\"text-align: justify;\">\u201cLa v\u00eda doble elevada ser\u00e1 dotada de c\u00f3modos trenes panor\u00e1micos que adentren a los pasajeros a la belleza del Mundo Maya a trav\u00e9s de las mejores vistas del azul turquesa de sus costas y del verde infinito de su selva\u201d, enfatiz\u00f3.<\/p>\n<p style=\"text-align: justify;\">Por su parte, el director general del Fondo Nacional de Fomento al Turismo, Rogelio Jim\u00e9nez Pons, agradeci\u00f3 a los pobladores de las inmediaciones del tramo 5 el respaldo a esta obra, la cual calific\u00f3 como \u201cuno de los proyectos de infraestructura m\u00e1s importantes del mundo\u201d.<\/p>\n<p style=\"text-align: justify;\">El presidente L\u00f3pez Obrador destac\u00f3 que el trabajo coordinado entre los gobiernos federal y estatal contribuy\u00f3 al control de la epidemia de COVID-19 en Quintana Roo y a la recuperaci\u00f3n econ\u00f3mica.<\/p>\n<p style=\"text-align: justify;\">Pronostic\u00f3 que a la mitad del 2021 se reactivar\u00e1 la actividad tur\u00edstica y regresar\u00e1 el crecimiento al estado.<\/p>\n<p style=\"text-align: justify;\">\u201cAfortunadamente est\u00e1 pasando este tiempo dif\u00edcil, ya se est\u00e1n recuperando los empleos. Yo estoy seguro que a mediados de este a\u00f1o vamos a estar en completa normalidad en cuanto a la afluencia tur\u00edstica para Quintana Roo. Ese es mi pron\u00f3stico\u201d, remarc\u00f3.<\/p>\n<p style=\"text-align: justify;\">Asistieron al evento, el gobernador Carlos Manuel Joaqu\u00edn Gonz\u00e1lez; el secretario de Comunicaciones y Transportes, Jorge Arganis D\u00edaz Leal; el subsecretario de la Defensa Nacional, Andr\u00e9 Georges Foullon Van Lissum; la presidenta municipal de Benito Ju\u00e1rez, Mara Lezama Espinosa; el supervisor honorario del Tren Maya, Daniel Ch\u00e1vez Mor\u00e1n; el vicepresidente ejecutivo de Grupo M\u00e9xico, Xavier Garc\u00eda de Quevedo y el director de Construcci\u00f3n de Latinoam\u00e9rica de Grupo Acciona, Francisco Javier L\u00e1zaro Estarta.<\/p>\n","protected":false},"excerpt":{"rendered":"<p>PLAYA DEL CARMEN. * 5 de marzo de 2021. ] Gobierno de M\u00e9xico. El presidente Andr\u00e9s Mauel L\u00f3pez Obrador inici\u00f3 la gira de trabajo del fin de semana en Benito Ju\u00e1rez, Quintana Roo, donde hoy comenzaron las obras del tramo 5 Norte del Tren Maya que conectar\u00e1 a Canc\u00fan y Playa del Carmen. Inform\u00f3 que&#8230;<\/p>\n","protected":false},"author":2,"featured_media":1222252,"comment_status":"closed","ping_status":"closed","sticky":false,"template":"","format":"standard","meta":{"footnotes":""},"categories":[18573,1984],"tags":[3900,17370],"class_list":["post-1222251","post","type-post","status-publish","format-standard","has-post-thumbnail","hentry","category-goverment","category-gobierno-de-mexico","tag-andres-mauel-lopez-obrador","tag-tren-maya"],"_links":{"self":[{"href":"https:\/\/www.acapulcopress.com\/index.php\/wp-json\/wp\/v2\/posts\/1222251","targetHints":{"allow":["GET"]}}],"collection":[{"href":"https:\/\/www.acapulcopress.com\/index.php\/wp-json\/wp\/v2\/posts"}],"about":[{"href":"https:\/\/www.acapulcopress.com\/index.php\/wp-json\/wp\/v2\/types\/post"}],"author":[{"embeddable":true,"href":"https:\/\/www.acapulcopress.com\/index.php\/wp-json\/wp\/v2\/users\/2"}],"replies":[{"embeddable":true,"href":"https:\/\/www.acapulcopress.com\/index.php\/wp-json\/wp\/v2\/comments?post=1222251"}],"version-history":[{"count":0,"href":"https:\/\/www.acapulcopress.com\/index.php\/wp-json\/wp\/v2\/posts\/1222251\/revisions"}],"wp:featuredmedia":[{"embeddable":true,"href":"https:\/\/www.acapulcopress.com\/index.php\/wp-json\/"}],"wp:attachment":[{"href":"https:\/\/www.acapulcopress.com\/index.php\/wp-json\/wp\/v2\/media?parent=1222251"}],"wp:term":[{"taxonomy":"category","embeddable":true,"href":"https:\/\/www.acapulcopress.com\/index.php\/wp-json\/wp\/v2\/categories?post=1222251"},{"taxonomy":"post_tag","embeddable":true,"href":"https:\/\/www.acapulcopress.com\/index.php\/wp-json\/wp\/v2\/tags?post=1222251"}],"curies":[{"name":"wp","href":"https:\/\/api.w.org\/{rel}","templated":true}]}}