{"id":1222271,"date":"2021-03-06T00:35:19","date_gmt":"2021-03-06T06:35:19","guid":{"rendered":"https:\/\/www.acapulcopress.com\/?p=1222271"},"modified":"2021-03-06T00:35:19","modified_gmt":"2021-03-06T06:35:19","slug":"participacion-responsabilidad-y-compromiso-mantendra-semaforo-amarillo-en-guerrero-astudillo","status":"publish","type":"post","link":"https:\/\/www.acapulcopress.com\/index.php\/2021\/03\/06\/participacion-responsabilidad-y-compromiso-mantendra-semaforo-amarillo-en-guerrero-astudillo\/","title":{"rendered":"Participaci\u00f3n, responsabilidad y compromiso mantendr\u00e1 Sem\u00e1foro Amarillo en Guerrero | Astudillo"},"content":{"rendered":"<p style=\"text-align: justify;\">ACAPULCO. * 5 de marzo de 2021.<br \/>\n] Gobierno de Guerrero.<\/p>\n<p style=\"text-align: justify;\">Durante la transmisi\u00f3n diaria para dar a conocer la situaci\u00f3n del Covid-19 en la entidad, el gobernador del estado, H\u00e9ctor Astudillo Flores insisti\u00f3 en que se necesita de la participaci\u00f3n, responsabilidad y compromiso para que Guerrero contin\u00fae posicion\u00e1ndose en sem\u00e1foro amarillo. Esto lo se\u00f1al\u00f3 luego de que se diera a conocer el documento emitido por la federaci\u00f3n, en donde se reafirma que la entidad contin\u00faa en ese nivel, con 12 puntos.<\/p>\n<p style=\"text-align: justify;\">Acompa\u00f1ado por el jefe de la Oficina del Gobernador, Alejandro Bravo Abarca y el secretario de Salud, Carlos de la Pe\u00f1a Pintos, el mandatario estatal se\u00f1al\u00f3 que en este contexto los indicadores como siguen a la baja y para mantener esa tendencia es necesario que los guerrerenses sigan con ese compromiso de seguir caminando juntos en la lucha contra el Covid-19.<\/p>\n<p style=\"text-align: justify;\">\u201cNuestra puntuaci\u00f3n sigue siendo 12, igual que la semana pasada, consecuentemente seguimos el sem\u00e1foro amarillo. Estamos estables, pero hay que disminuir m\u00e1s, esperamos que de aqu\u00ed a la pr\u00f3xima semana podemos disminuir un poco m\u00e1s. Cu\u00eddense mucho, este tema del Covid como lo insisto y no me cansar\u00e9 de repetirlo, no ha desaparecido, es un tema que ah\u00ed est\u00e1 y hay que ponerle los cuidados necesarios\u201d, dijo y destac\u00f3 que de un promedio de 29 defunciones diarias, se pas\u00f3 a aproximadamente 12.5 por d\u00eda.<\/p>\n<p style=\"text-align: justify;\"><strong>Los n\u00fameros del Covid-19 en la entidad<\/strong><\/p>\n<p style=\"text-align: justify;\">En su informe de este viernes, De la Pe\u00f1a Pintos dio a conocer que hasta el d\u00eda de hoy la entidad acumula 35 mil 792 casos confirmados y 3 mil 702 defunciones; hay 118 casos nuevos, manteniendo una estabilidad en este rubro. En cuanto a los casos activos, hay un registro de 706.<\/p>\n<p style=\"text-align: justify;\">La hospitalizaci\u00f3n tambi\u00e9n tiene una tendencia a la baja, de tal modo que actualmente hay 215 pacientes, de los cuales 50 se encuentran en estado cr\u00edtico intubados. En lo que respecta a las defunciones, en el mes de marzo hay un promedio de 12.5 por d\u00eda.<\/p>\n<p style=\"text-align: justify;\">En cuanto a la hospitalizaci\u00f3n, se tiene un registro de 29 por ciento, tan s\u00f3lo un punto arriba de la media nacional, que es de 28; mientras que en los pacientes intubados, se tiene una ocupaci\u00f3n del 20 por ciento, por debajo de la media, que es de 31.<\/p>\n<p style=\"text-align: justify;\">Para finalizar, De la Pe\u00f1a Pintos dijo que se contin\u00faa en el proceso de vacunaci\u00f3n para el personal del Sector Salud y en fechas pr\u00f3ximas se dar\u00e1 inicio con la Cruz Roja, t\u00e9cnicos en urgencias m\u00e9dicas, Protecci\u00f3n Civil y tambi\u00e9n en la ruta de atenci\u00f3n del personal que labora en el sector privado.<\/p>\n","protected":false},"excerpt":{"rendered":"<p>ACAPULCO. * 5 de marzo de 2021. ] Gobierno de Guerrero. Durante la transmisi\u00f3n diaria para dar a conocer la situaci\u00f3n del Covid-19 en la entidad, el gobernador del estado, H\u00e9ctor Astudillo Flores insisti\u00f3 en que se necesita de la participaci\u00f3n, responsabilidad y compromiso para que Guerrero contin\u00fae posicion\u00e1ndose en sem\u00e1foro amarillo. Esto lo se\u00f1al\u00f3&#8230;<\/p>\n","protected":false},"author":2,"featured_media":1222272,"comment_status":"closed","ping_status":"closed","sticky":false,"template":"","format":"standard","meta":{"footnotes":""},"categories":[18573,1983],"tags":[6705,9302,9705,12964,16421],"class_list":["post-1222271","post","type-post","status-publish","format-standard","has-post-thumbnail","hentry","category-goverment","category-guerrerogob","tag-covid19","tag-gobierno-de-guerrero","tag-hector-astudillo-flores","tag-mesa-de-coordinacion-para-la-construccion-de-la-paz","tag-semaforo-de-riesgo-covid19"],"_links":{"self":[{"href":"https:\/\/www.acapulcopress.com\/index.php\/wp-json\/wp\/v2\/posts\/1222271","targetHints":{"allow":["GET"]}}],"collection":[{"href":"https:\/\/www.acapulcopress.com\/index.php\/wp-json\/wp\/v2\/posts"}],"about":[{"href":"https:\/\/www.acapulcopress.com\/index.php\/wp-json\/wp\/v2\/types\/post"}],"author":[{"embeddable":true,"href":"https:\/\/www.acapulcopress.com\/index.php\/wp-json\/wp\/v2\/users\/2"}],"replies":[{"embeddable":true,"href":"https:\/\/www.acapulcopress.com\/index.php\/wp-json\/wp\/v2\/comments?post=1222271"}],"version-history":[{"count":0,"href":"https:\/\/www.acapulcopress.com\/index.php\/wp-json\/wp\/v2\/posts\/1222271\/revisions"}],"wp:featuredmedia":[{"embeddable":true,"href":"https:\/\/www.acapulcopress.com\/index.php\/wp-json\/"}],"wp:attachment":[{"href":"https:\/\/www.acapulcopress.com\/index.php\/wp-json\/wp\/v2\/media?parent=1222271"}],"wp:term":[{"taxonomy":"category","embeddable":true,"href":"https:\/\/www.acapulcopress.com\/index.php\/wp-json\/wp\/v2\/categories?post=1222271"},{"taxonomy":"post_tag","embeddable":true,"href":"https:\/\/www.acapulcopress.com\/index.php\/wp-json\/wp\/v2\/tags?post=1222271"}],"curies":[{"name":"wp","href":"https:\/\/api.w.org\/{rel}","templated":true}]}}