{"id":1222278,"date":"2021-03-06T00:43:50","date_gmt":"2021-03-06T06:43:50","guid":{"rendered":"https:\/\/www.acapulcopress.com\/?p=1222278"},"modified":"2021-03-06T00:43:50","modified_gmt":"2021-03-06T06:43:50","slug":"gobernador-evalua-operativos-de-seguridad-de-cara-al-inicio-del-proceso-electoral","status":"publish","type":"post","link":"https:\/\/www.acapulcopress.com\/index.php\/2021\/03\/06\/gobernador-evalua-operativos-de-seguridad-de-cara-al-inicio-del-proceso-electoral\/","title":{"rendered":"Gobernador eval\u00faa operativos de seguridad  de cara al inicio del proceso electoral"},"content":{"rendered":"<p style=\"text-align: justify;\">ACAPULCO. * 5 de marzo de 2021.<br \/>\n] Gobierno de Guerrero.<\/p>\n<p style=\"text-align: justify;\">El gobernador H\u00e9ctor Astudillo Flores con mandos militares y autoridades civiles de la Mesa de Coordinaci\u00f3n para la Construcci\u00f3n de la Paz, revisaron el despliegue operativo de seguridad para mantener a la baja los indicadores delictivos y atender el inicio del proceso electoral en el estado.<\/p>\n<p style=\"text-align: justify;\"><img loading=\"lazy\" decoding=\"async\" class=\"alignleft size-medium wp-image-1222281\" src=\"https:\/\/www.acapulco.press\/wp-content\/uploads\/2021\/03\/HAF-SEGURIDAD-4-375x250.jpg\" alt=\"\" width=\"375\" height=\"250\" \/>Reunidos en la sede de la Novena Regi\u00f3n Militar en Acapulco, H\u00e9ctor Astudillo Flores reconoci\u00f3 el trabajo de las instituciones de seguridad y de las fuerzas armadas dentro de la estrategia implementada en el estado desde la Mesa de Coordinaci\u00f3n Estatal para mantener los indicadores delictivos a la baja durante el primer bimestre del a\u00f1o y los primeros d\u00edas de marzo.<\/p>\n<p style=\"text-align: justify;\">Asimismo, evalu\u00f3 el esquema de seguridad en el despliegue operativo en Acapulco e Iguala, as\u00ed como los trabajos de inteligencia para enfrentar a los grupos delictivos, por lo que llam\u00f3 a reforzar las zonas de mayor incidencia frente al <img loading=\"lazy\" decoding=\"async\" class=\"alignleft size-medium wp-image-1222279\" src=\"https:\/\/www.acapulco.press\/wp-content\/uploads\/2021\/03\/HAF-SEGURIDAD-2-375x250.jpg\" alt=\"\" width=\"375\" height=\"250\" \/>proceso electoral que inicia en Guerrero.<\/p>\n<p style=\"text-align: justify;\">En la Mesa de Coordinaci\u00f3n Estatal se expusieron las actividades operativas que se han intensificado con recorrido, patrullajes, as\u00ed como filtros de seguridad en las colonias de mayor incidencia delictiva, as\u00ed como las detenciones logradas a trav\u00e9s de estas acciones de seguridad en Acapulco, inform\u00f3 el Comandante del 56 Batall\u00f3n de Infanter\u00eda, Manuel Carrillo Gaucin.<\/p>\n<p style=\"text-align: justify;\">El fiscal general del estado, Jorge Zuriel de los Santos Barrila, inform\u00f3 de los avances en los casos de homicidios ocurridos en el Estado en las \u00faltimas 24 horas, destacando el registrado en Costera Las Palmas en la zona Diamante de Acapulco, donde result\u00f3 privado de la vida quien fue identificado como Fernando Delgadillo Hermosillo, operador del grupo delictivo de Rafael Caro Q. Y uno de los objetivos prioritarios en el estado de Sonora.<\/p>\n<p style=\"text-align: justify;\">Durante la sesi\u00f3n, se devel\u00f3 un mural en la Novena Regi\u00f3n Militar como parte de las actividades que se llevan a cabo rumbo a la conmemoraci\u00f3n de los 200 A\u00f1os de la Independencia de M\u00e9xico, a fin de resaltar los valores de dignidad y orgullo que caracterizan al Ej\u00e9rcito Mexicano.<\/p>\n<p style=\"text-align: justify;\">El mural<em> La Patria es Primero<\/em> fue realizado por Javier T\u00e9llez Villalva, con la t\u00e9cnica acr\u00edlico lienzo.<\/p>\n<p style=\"text-align: justify;\">Sobre la afluencia tur\u00edstica, el secretario de Turismo, Ernesto Rodr\u00edguez Escalona, indic\u00f3 que se espera la llegada de visitantes a los destinos de Guerrero, por lo que el gobernador H\u00e9ctor Astudillo Flores, llam\u00f3 a continuar con los filtros sanitarios y m\u00f3dulos de prevenci\u00f3n de contagios en playas y zonas tur\u00edsticas de Guerrero.<\/p>\n<p style=\"text-align: justify;\">Estuvieron presentes el comandante de la Novena Regi\u00f3n Militar, Eufemio Ibarra Flores; el Comandante de la Octava Regi\u00f3n Naval, Julio C\u00e9sar Pescina \u00c1vila; el Secretario General de Gobierno, Florencio Salazar Adame; el Comandante de la 35 zona Militar, Miguel \u00c1ngel Aguirre Lara; el Comandante de la 27 zona Militar, Federico San Juan Rosales; el representante del Coordinador de la Guardia Nacional; el Delegado Federal en Guerrero, Iv\u00e1n Hern\u00e1ndez D\u00edaz.<\/p>\n<p style=\"text-align: justify;\">As\u00ed como el Delegado de la FGR, Fernando Garc\u00eda Fern\u00e1ndez; el representante del Centro Nacional de Inteligencia, Juan Gabriel Sosa Pintos; el Secretario T\u00e9cnico, Hermes Teodoro Gonz\u00e1lez; el Presidente de la Comisi\u00f3n Estatal de Derechos Humanos, Ram\u00f3n Navarrete Magdaleno; el Presidente de la Coparmex Chilpancingo, Joel Moreno Temelo, entre otros funcionarios estatales y federales.<\/p>\n","protected":false},"excerpt":{"rendered":"<p>ACAPULCO. * 5 de marzo de 2021. ] Gobierno de Guerrero. El gobernador H\u00e9ctor Astudillo Flores con mandos militares y autoridades civiles de la Mesa de Coordinaci\u00f3n para la Construcci\u00f3n de la Paz, revisaron el despliegue operativo de seguridad para mantener a la baja los indicadores delictivos y atender el inicio del proceso electoral en&#8230;<\/p>\n","protected":false},"author":2,"featured_media":1222280,"comment_status":"closed","ping_status":"closed","sticky":false,"template":"","format":"standard","meta":{"footnotes":""},"categories":[18573,1983],"tags":[6705,9302,9705,12964,16421],"class_list":["post-1222278","post","type-post","status-publish","format-standard","has-post-thumbnail","hentry","category-goverment","category-guerrerogob","tag-covid19","tag-gobierno-de-guerrero","tag-hector-astudillo-flores","tag-mesa-de-coordinacion-para-la-construccion-de-la-paz","tag-semaforo-de-riesgo-covid19"],"_links":{"self":[{"href":"https:\/\/www.acapulcopress.com\/index.php\/wp-json\/wp\/v2\/posts\/1222278","targetHints":{"allow":["GET"]}}],"collection":[{"href":"https:\/\/www.acapulcopress.com\/index.php\/wp-json\/wp\/v2\/posts"}],"about":[{"href":"https:\/\/www.acapulcopress.com\/index.php\/wp-json\/wp\/v2\/types\/post"}],"author":[{"embeddable":true,"href":"https:\/\/www.acapulcopress.com\/index.php\/wp-json\/wp\/v2\/users\/2"}],"replies":[{"embeddable":true,"href":"https:\/\/www.acapulcopress.com\/index.php\/wp-json\/wp\/v2\/comments?post=1222278"}],"version-history":[{"count":0,"href":"https:\/\/www.acapulcopress.com\/index.php\/wp-json\/wp\/v2\/posts\/1222278\/revisions"}],"wp:featuredmedia":[{"embeddable":true,"href":"https:\/\/www.acapulcopress.com\/index.php\/wp-json\/"}],"wp:attachment":[{"href":"https:\/\/www.acapulcopress.com\/index.php\/wp-json\/wp\/v2\/media?parent=1222278"}],"wp:term":[{"taxonomy":"category","embeddable":true,"href":"https:\/\/www.acapulcopress.com\/index.php\/wp-json\/wp\/v2\/categories?post=1222278"},{"taxonomy":"post_tag","embeddable":true,"href":"https:\/\/www.acapulcopress.com\/index.php\/wp-json\/wp\/v2\/tags?post=1222278"}],"curies":[{"name":"wp","href":"https:\/\/api.w.org\/{rel}","templated":true}]}}