{"id":1222288,"date":"2021-03-06T00:53:13","date_gmt":"2021-03-06T06:53:13","guid":{"rendered":"https:\/\/www.acapulcopress.com\/?p=1222288"},"modified":"2021-03-06T00:53:13","modified_gmt":"2021-03-06T06:53:13","slug":"igualdad-de-genero-uagro-invita-a-conferencia-los-riesgos-para-los-derechos-humanos-de-las-mujeres","status":"publish","type":"post","link":"https:\/\/www.acapulcopress.com\/index.php\/2021\/03\/06\/igualdad-de-genero-uagro-invita-a-conferencia-los-riesgos-para-los-derechos-humanos-de-las-mujeres\/","title":{"rendered":"Igualdad de G\u00e9nero UAGro invita a conferencia \u00abLos riesgos para los derechos humanos de las mujeres\u00bb"},"content":{"rendered":"<p>CHILPANCINGO. * 5 de marzo de 2021.<br \/>\n<em>] UAGro.<\/em><\/p>\n<p style=\"text-align: justify;\">El \u00c1rea de Igualdad de G\u00e9nero invita a toda nuestra comunidad universitaria y a la sociedad en general, a presenciar virtualmente la conferencia \u00abLos riesgos para los derechos humanos de las mujeres\u00bb, por la Dra. Josabeth Barragan Torres y la Dra. Olivia \u00c1lvarez Montalv\u00e1n, en conmemoraci\u00f3n al #D\u00edaDeLaMujer.<\/p>\n<p>Registro de asistencia en:<a href=\"http:\/\/www.eventosvirtuales.uagro.mx\/registro\/?event=414\" target=\"_blank\" rel=\"noopener\"><em> http:\/\/www.eventosvirtuales.uagro.mx\/registro\/?event=414<\/em><\/a><\/p>\n","protected":false},"excerpt":{"rendered":"<p>CHILPANCINGO. * 5 de marzo de 2021. ] UAGro. El \u00c1rea de Igualdad de G\u00e9nero invita a toda nuestra comunidad universitaria y a la sociedad en general, a presenciar virtualmente la conferencia \u00abLos riesgos para los derechos humanos de las mujeres\u00bb, por la Dra. Josabeth Barragan Torres y la Dra. Olivia \u00c1lvarez Montalv\u00e1n, en conmemoraci\u00f3n&#8230;<\/p>\n","protected":false},"author":2,"featured_media":1222282,"comment_status":"closed","ping_status":"closed","sticky":false,"template":"","format":"standard","meta":{"footnotes":""},"categories":[18561,2016],"tags":[4092,7483,7485],"class_list":["post-1222288","post","type-post","status-publish","format-standard","has-post-thumbnail","hentry","category-society-politics","category-uagro-society-politics","tag-area-de-igualdad-de-genero-uagro","tag-dra-josabeth-barragan-torres","tag-dra-olivia-alvarez-montalvan"],"_links":{"self":[{"href":"https:\/\/www.acapulcopress.com\/index.php\/wp-json\/wp\/v2\/posts\/1222288","targetHints":{"allow":["GET"]}}],"collection":[{"href":"https:\/\/www.acapulcopress.com\/index.php\/wp-json\/wp\/v2\/posts"}],"about":[{"href":"https:\/\/www.acapulcopress.com\/index.php\/wp-json\/wp\/v2\/types\/post"}],"author":[{"embeddable":true,"href":"https:\/\/www.acapulcopress.com\/index.php\/wp-json\/wp\/v2\/users\/2"}],"replies":[{"embeddable":true,"href":"https:\/\/www.acapulcopress.com\/index.php\/wp-json\/wp\/v2\/comments?post=1222288"}],"version-history":[{"count":0,"href":"https:\/\/www.acapulcopress.com\/index.php\/wp-json\/wp\/v2\/posts\/1222288\/revisions"}],"wp:featuredmedia":[{"embeddable":true,"href":"https:\/\/www.acapulcopress.com\/index.php\/wp-json\/"}],"wp:attachment":[{"href":"https:\/\/www.acapulcopress.com\/index.php\/wp-json\/wp\/v2\/media?parent=1222288"}],"wp:term":[{"taxonomy":"category","embeddable":true,"href":"https:\/\/www.acapulcopress.com\/index.php\/wp-json\/wp\/v2\/categories?post=1222288"},{"taxonomy":"post_tag","embeddable":true,"href":"https:\/\/www.acapulcopress.com\/index.php\/wp-json\/wp\/v2\/tags?post=1222288"}],"curies":[{"name":"wp","href":"https:\/\/api.w.org\/{rel}","templated":true}]}}