{"id":1222328,"date":"2021-03-08T21:01:16","date_gmt":"2021-03-09T03:01:16","guid":{"rendered":"https:\/\/www.acapulcopress.com\/?p=1222328"},"modified":"2021-03-08T21:01:16","modified_gmt":"2021-03-09T03:01:16","slug":"tiemblen-feminicidas-gritaron-mujeres","status":"publish","type":"post","link":"https:\/\/www.acapulcopress.com\/index.php\/2021\/03\/08\/tiemblen-feminicidas-gritaron-mujeres\/","title":{"rendered":"\u00ab\u00a1Tiemblen, feminicidas!\u00bb, gritaron mujeres"},"content":{"rendered":"<p style=\"text-align: justify;\">CIUDAD DE M\u00c9XICO * 8 de marzo de 2021.<br \/>\n<em>] <a href=\"https:\/\/www.nacion.com\/cables\/tiemblen-feminicidas-gritan-mujeres-durante-marcha\/6B2T5VF235EBFI364VKRT37QVI\/story\/\" target=\"_blank\" rel=\"noopener\">La Naci\u00f3n<\/a> (AFP) \/ <a href=\"https:\/\/www.informador.mx\/mexico\/Dia-de-la-Mujer-Mexico-Tumban-vallas-frente-a-Palacio-Nacional-20210308-0077.html\" target=\"_blank\" rel=\"noopener\">El Informador<\/a> (SUN).<\/em><\/p>\n<p style=\"text-align: justify;\">Furiosas y al grito de \u00ab\u00a1tiemblen, feminicidas!\u00bb, miles de mujeres protestaron este lunes en Ciudad de M\u00e9xico contra la violencia de g\u00e9nero, al conmemorarse el D\u00eda Internacional de la Mujer.<\/p>\n<p style=\"text-align: justify;\">\u00ab\u00a1Tenemos rabia, dolor, vivimos en un infierno!\u00bb, dijo desconsolada Lorena Guti\u00e9rrez, madre de F\u00e1tima Quintana, violada y asesinada por tres hombres el 12 de febrero de 2005 cuando ten\u00eda 12 a\u00f1os y volv\u00eda de la escuela a su casa, en el Estado de M\u00e9xico (centro).<\/p>\n<p style=\"text-align: justify;\">\u00ab\u00a1Ya basta de tanta impunidad! \u00a1Siguen violando y matando mujeres y no pasa nada!\u00bb, a\u00f1adi\u00f3 Guti\u00e9rrez a la AFP.<\/p>\n<p style=\"text-align: justify;\">La mujer tambi\u00e9n exige justicia para su hijo Daniel, quien seg\u00fan ella muri\u00f3 \u00abpor negligencia m\u00e9dica\u00bb en noviembre de 2020 debido a problemas de salud surgidos tras haber encontrado a su hermana \u00absemienterrada el d\u00eda del crimen\u00bb.<\/p>\n<p style=\"text-align: justify;\">M\u00e9xico es uno de los pa\u00edses m\u00e1s afectados por la violencia de g\u00e9nero. Solo en 2020 se registraron 967 feminicidios, una cifra ligeramente inferior a los 969 de 2019, seg\u00fan cifras oficiales.<\/p>\n<p style=\"text-align: justify;\">Las feministas se reunieron en la Plaza de la Rep\u00fablica, en el centro de la capital, donde derribaron a patadas y martillazos vallas de madera instaladas para proteger el Monumento a la Revoluci\u00f3n.<\/p>\n<p style=\"text-align: justify;\">En su camino al Z\u00f3calo, algunas golpearon con llaves de amarre las barreras de protecci\u00f3n montadas en centros comerciales y edificios p\u00fablicos.<\/p>\n<p style=\"text-align: justify;\">\u00ab\u00a1Juntas somos fuego, quemen todo!\u00bb, se le\u00eda en una pancarta. \u00ab\u00a1Tiemblen, feminicidas!\u00bb, repet\u00edan a gritos las manifestantes.<\/p>\n<p style=\"text-align: justify;\">\u00ab\u00a1M\u00edrame bien! Soy la ni\u00f1a que jam\u00e1s volver\u00e1s a tocar\u00bb, se le\u00eda en otro cartel que portaba una menor de unos 10 a\u00f1os, acompa\u00f1ada de su madre que marchaba en silencio.<\/p>\n<p style=\"text-align: justify;\">La jornada de protestas de este lunes sigui\u00f3 a las manifestaciones del fin de semana frente al palacio presidencial en Ciudad de M\u00e9xico, en las que decenas de mujeres plasmaron los nombres de v\u00edctimas de feminicidio en vallas met\u00e1licas colocadas alrededor del edificio.<\/p>\n<p style=\"text-align: justify;\">Las mujeres tambi\u00e9n protestaron este lunes por el respaldo del presidente Andr\u00e9s Manuel L\u00f3pez Obrador a la candidatura de F\u00e9lix Salgado para la gobernaci\u00f3n del estado de Guerrero (sur). El pol\u00edtico oficialista es se\u00f1alado de violaci\u00f3n por varias mujeres, pero \u00e9l se declara \u00abinocente\u00bb.<\/p>\n<p style=\"text-align: justify;\">\u00abEs indignante que le hayan aceptado la candidatura\u00bb, dijo con enfado Nadia T\u00e9llez, de 20 a\u00f1os, durante la marcha. La postulaci\u00f3n por la que pelean Salgado y otros aspirantes se definir\u00e1 en una encuesta interna del partido Morena.<\/p>\n<p style=\"text-align: justify;\">M\u00e1s temprano, L\u00f3pez Obrador asegur\u00f3 que su gobierno no va a reprimir las manifestaciones. \u00abSomos distintos a los conservadores que ahora se disfrazan de feministas y se molestan porque se puso una valla para evitar la violencia\u00bb, dijo.<\/p>\n<p style=\"text-align: justify;\">\u00abNo somos infiltradas, somos feministas y estamos indignadas\u00bb, revir\u00f3 en la marcha Aracely Mu\u00f1oz, estudiante de arquitectura de 25 a\u00f1os.<\/p>\n<p style=\"text-align: justify;\">El mandatario izquierdista tambi\u00e9n defendi\u00f3 la gesti\u00f3n de su gobierno en cuestiones de equidad de g\u00e9nero. \u00abComo nunca en la historia est\u00e1n participando en la administraci\u00f3n p\u00fablica y en la pol\u00edtica las mujeres (&#8230;), la mitad del gabinete son mujeres\u00bb, destac\u00f3.<\/p>\n<p style=\"text-align: justify;\"><code><\/code><\/p>\n<blockquote class=\"twitter-tweet\">\n<p dir=\"ltr\" lang=\"es\"><a href=\"https:\/\/twitter.com\/hashtag\/8M2021?src=hash&amp;ref_src=twsrc%5Etfw\">#8M2021<\/a>. La polic\u00eda gasea a manifestantes, cuando intentaban quitar otra de las barreras met\u00e1lica en la plancha del Z\u00f3calo. Video: Tania Rosas.<a href=\"https:\/\/twitter.com\/hashtag\/Latinus?src=hash&amp;ref_src=twsrc%5Etfw\">#Latinus<\/a> <a href=\"https:\/\/twitter.com\/hashtag\/Informaci%C3%B3nParaTi?src=hash&amp;ref_src=twsrc%5Etfw\">#Informaci\u00f3nParaTi<\/a> <a href=\"https:\/\/t.co\/zibWJGqT3R\">pic.twitter.com\/zibWJGqT3R<\/a><\/p>\n<p>\u2014 Latinus (@latinus_us) <a href=\"https:\/\/twitter.com\/latinus_us\/status\/1369053627789283328?ref_src=twsrc%5Etfw\">March 8, 2021<\/a><\/p><\/blockquote>\n<p style=\"text-align: justify;\"><script async src=\"https:\/\/platform.twitter.com\/widgets.js\" charset=\"utf-8\"><\/script><\/p>\n<p style=\"text-align: justify;\">TIRAN VALLAS DE PALACIO<\/p>\n<p style=\"text-align: justify;\">Manifestantes tumbaron este lunes varias vallas del muro de metal que el Gobierno erigi\u00f3 alrededor del Palacio Nacional, en Ciudad de M\u00e9xico, para proteger el edificio frente a la protesta por el D\u00eda Internacional de la Mujer.<\/p>\n<p style=\"text-align: justify;\">Miles de mujeres llegaron al Z\u00f3calo de la capital mexicana, plaza donde se encuentra la residencia oficial del Presidente Andr\u00e9s Manuel L\u00f3pez Obrador (AMLO), y derribaron vallas de la infraestructura que ha generado pol\u00e9mica en el pa\u00eds por su simbolismo frente a la reivindicaci\u00f3n feminista.<\/p>\n<p style=\"text-align: justify;\">La polic\u00eda capitalina, cuyos grupos de vigilancia de la protesta est\u00e1n formados exclusivamente por mujeres, respondi\u00f3 al intento de avanzar hacia el Palacio Nacional con el lanzamiento de gas lacrim\u00f3geno en el momento en que las manifestantes se agolparon en torno al muro derribado.<\/p>\n<p style=\"text-align: justify;\">Las autoridades de Ciudad de M\u00e9xico informaron que unas mil 700 mujeres polic\u00edas resguardar\u00edan la marcha.<\/p>\n<p style=\"text-align: justify;\">Horas antes de las manifestaciones por el D\u00eda de la Mujer, el centro de la Ciudad de M\u00e9xico amaneci\u00f3 con la seguridad reforzada y algunos accesos cerrados.<\/p>\n<p style=\"text-align: justify;\">A diferencia de a\u00f1os anteriores, el Gobierno levant\u00f3 un enorme muro de metal alrededor del Palacio Nacional, residencia de L\u00f3pez Obrador, para evitar que manifestantes feministas pinten los muros del edificio.<\/p>\n<p style=\"text-align: justify;\">La valla, criticada por el movimiento feminista como un s\u00edmbolo de represi\u00f3n, se convirti\u00f3 durante el fin de semana en un homenaje a las v\u00edctimas de feminicidio, con flores y pintadas.<\/p>\n<p style=\"text-align: justify;\">El Presidente mexicano, frente a la pol\u00e9mica, acus\u00f3 este lunes a los \u00abconservadores\u00bb de estar detr\u00e1s de la manifestaci\u00f3n de hoy.<\/p>\n<p style=\"text-align: justify;\">En las \u00faltimas semanas, la actuaci\u00f3n de L\u00f3pez Obrador ha sido muy criticada por el movimiento feminista, ya que su partido, Movimiento Regeneraci\u00f3n Nacional (Morena), se resiste a cancelar la candidatura a gobernador del estado sure\u00f1o de Guerrero a F\u00e9lix Salgado Macedonio, acusado de violaci\u00f3n por varias mujeres.<\/p>\n<p style=\"text-align: justify;\">M\u00e9xico registr\u00f3 el a\u00f1o pasado 967 feminicidios, 16 mil 545 delitos de violaci\u00f3n y un hist\u00f3rico de m\u00e1s de 260.000 llamadas de emergencia relacionadas con violencia contra la mujer.<\/p>\n<p style=\"text-align: justify;\">\u00abPresidente, rompa el pacto\u00bb: mujeres en marcha del 8M<\/p>\n<p style=\"text-align: justify;\">Luego de quemar banderolas con insignias partidistas, integrantes de la Colectiva Nacional Feminista Ning\u00fan Agresor en el Poder, demandaron que el Presidente L\u00f3pez Obrador rompa el pacto del patriarcado; y adelantaron que nunca m\u00e1s, los agresores gozar\u00e1n de la comodidad del silencio de las v\u00edctimas.<\/p>\n<p style=\"text-align: justify;\">\u00ab\u00a1Presidente, rompa el pacto!\u00bb, demandaron luego de que Morena confirm\u00f3 la candidatura de F\u00e9lix Salgado Macedonio a la gubernatura de Guerrero.<\/p>\n<p style=\"text-align: justify;\">Al inicio de la marcha para conmemorar el 8 de marzo, las manifestantes gritaron \u00abNunca m\u00e1s silencio, nunca m\u00e1s silencio\u00bb y se deslindaron de los partidos pol\u00edticos puesto que para ellas, todos estos institutos representan exactamente lo mismo.<\/p>\n<p style=\"text-align: justify;\">\u00abLas feministas no tenemos partido, no somos infiltradas y despreciamos a todos los pol\u00edticos que se quieren colgar de nuestra lucha.<\/p>\n<p style=\"text-align: justify;\">\u00abPara nosotras los partidos pol\u00edticos absolutamente todos son lo mismo\u00bb, se\u00f1alaron.<\/p>\n<p style=\"text-align: justify;\">\n","protected":false},"excerpt":{"rendered":"<p>CIUDAD DE M\u00c9XICO * 8 de marzo de 2021. ] La Naci\u00f3n (AFP) \/ El Informador (SUN). Furiosas y al grito de \u00ab\u00a1tiemblen, feminicidas!\u00bb, miles de mujeres protestaron este lunes en Ciudad de M\u00e9xico contra la violencia de g\u00e9nero, al conmemorarse el D\u00eda Internacional de la Mujer. \u00ab\u00a1Tenemos rabia, dolor, vivimos en un infierno!\u00bb, dijo&#8230;<\/p>\n","protected":false},"author":2,"featured_media":1222329,"comment_status":"closed","ping_status":"closed","sticky":false,"template":"","format":"standard","meta":{"footnotes":""},"categories":[18578,1972,1997],"tags":[3896,7222,8476,9310],"class_list":["post-1222328","post","type-post","status-publish","format-standard","has-post-thumbnail","hentry","category-activismo","category-special","category-noticias-destacadas","tag-andres-manuel-lopez-obrador","tag-dia-internacional-de-la-mujer","tag-feminismo","tag-gobierno-de-mexico"],"_links":{"self":[{"href":"https:\/\/www.acapulcopress.com\/index.php\/wp-json\/wp\/v2\/posts\/1222328","targetHints":{"allow":["GET"]}}],"collection":[{"href":"https:\/\/www.acapulcopress.com\/index.php\/wp-json\/wp\/v2\/posts"}],"about":[{"href":"https:\/\/www.acapulcopress.com\/index.php\/wp-json\/wp\/v2\/types\/post"}],"author":[{"embeddable":true,"href":"https:\/\/www.acapulcopress.com\/index.php\/wp-json\/wp\/v2\/users\/2"}],"replies":[{"embeddable":true,"href":"https:\/\/www.acapulcopress.com\/index.php\/wp-json\/wp\/v2\/comments?post=1222328"}],"version-history":[{"count":0,"href":"https:\/\/www.acapulcopress.com\/index.php\/wp-json\/wp\/v2\/posts\/1222328\/revisions"}],"wp:featuredmedia":[{"embeddable":true,"href":"https:\/\/www.acapulcopress.com\/index.php\/wp-json\/"}],"wp:attachment":[{"href":"https:\/\/www.acapulcopress.com\/index.php\/wp-json\/wp\/v2\/media?parent=1222328"}],"wp:term":[{"taxonomy":"category","embeddable":true,"href":"https:\/\/www.acapulcopress.com\/index.php\/wp-json\/wp\/v2\/categories?post=1222328"},{"taxonomy":"post_tag","embeddable":true,"href":"https:\/\/www.acapulcopress.com\/index.php\/wp-json\/wp\/v2\/tags?post=1222328"}],"curies":[{"name":"wp","href":"https:\/\/api.w.org\/{rel}","templated":true}]}}