{"id":1222343,"date":"2021-03-08T21:41:12","date_gmt":"2021-03-09T03:41:12","guid":{"rendered":"https:\/\/www.acapulcopress.com\/?p=1222343"},"modified":"2021-03-08T21:41:12","modified_gmt":"2021-03-09T03:41:12","slug":"cumplimenta-fiscalia-ordenes-de-aprehension-contra-dos-violadores","status":"publish","type":"post","link":"https:\/\/www.acapulcopress.com\/index.php\/2021\/03\/08\/cumplimenta-fiscalia-ordenes-de-aprehension-contra-dos-violadores\/","title":{"rendered":"Cumplimenta Fiscal\u00eda \u00f3rdenes de aprehensi\u00f3n contra dos violadores"},"content":{"rendered":"<p style=\"text-align: justify;\">CHILPANCINGO * 8 de marzo de 2021.<br \/>\n] https:\/\/fiscaliaguerrero.gob.mx.<\/p>\n<p style=\"text-align: justify;\">Agentes de la Fiscal\u00eda General de Guerrero en coordinaci\u00f3n con la Fiscal\u00eda de Quer\u00e9taro dieron cumplimiento en esa entidad, a la orden de aprehensi\u00f3n en contra de Pablo \u00abN\u00bb, como probable responsable del delito de Violaci\u00f3n en agravio de menor de edad, en la ciudad de Zihuatanejo de Azueta.<\/p>\n<p style=\"text-align: justify;\">El imputado es acusado en la causa penal 27\/2014-2 de cometer el delito en el domicilio que \u00e9l y la menor habitaban, amenazando a la v\u00edctima de hacerle da\u00f1o si dec\u00eda algo.<\/p>\n<p style=\"text-align: justify;\">Elementos ministeriales adscritos a Zihuatanejo junto con el apoyo de Agentes de investigaci\u00f3n de Quer\u00e9taro cumplimentaron la orden de aprehensi\u00f3n, siendo trasladado a Guerrero y puesto a disposici\u00f3n del Juez del Distrito Judicial de Azueta, qui\u00e9n determinar\u00e1 la situaci\u00f3n jur\u00eddica.<\/p>\n<p style=\"text-align: justify;\">La Fiscal\u00eda General del Estado continuar\u00e1 investigando los delitos del fuero com\u00fan y con especial seguimiento los cometidos en temas de igualdad de g\u00e9nero y menores de edad en el estado de Guerrero.<\/p>\n<p style=\"text-align: justify;\"><img loading=\"lazy\" decoding=\"async\" class=\"alignleft size-medium wp-image-1222345\" src=\"https:\/\/www.acapulco.press\/wp-content\/uploads\/2021\/03\/FGE-CRECENCIO-375x375.jpg\" alt=\"\" width=\"375\" height=\"375\" \/>En otro caso, la Polic\u00eda Investigadora Ministerial adscrita en Chilpancingo, cumpliment\u00f3 la orden de aprehensi\u00f3n en contra de Crescencio \u00abN\u00bb detenido como probable responsable del delito de Violaci\u00f3n Equiparada Agravada a menor de edad, en la ciudad capital.<\/p>\n<p style=\"text-align: justify;\">La carpeta judicial C-26\/2021 refiere que el imputado lleg\u00f3 el 6 de enero de 2021 con juguetes al domicilio de la v\u00edctima, cometiendo el delito ese mismo d\u00eda en agravio de la menor.<\/p>\n<p style=\"text-align: justify;\">Por tal motivo, se cumpliment\u00f3 la orden de aprehensi\u00f3n en contra de Crescencio \u00abN\u00bb acusado como probable responsable del delito de Violaci\u00f3n, quedando el imputado a disposici\u00f3n del Juez de Control y Enjuiciamiento Penal del Distrito Judicial de los Bravo, quien determinar\u00e1 la situaci\u00f3n jur\u00eddica.<\/p>\n<p style=\"text-align: justify;\">La Fiscal\u00eda General del Estado continuar\u00e1 investigando los delitos del fuero com\u00fan y con especial seguimiento los cometidos en temas de igualdad de g\u00e9nero y menores de edad en el estado de Guerrero.<\/p>\n","protected":false},"excerpt":{"rendered":"<p>CHILPANCINGO * 8 de marzo de 2021. ] https:\/\/fiscaliaguerrero.gob.mx. Agentes de la Fiscal\u00eda General de Guerrero en coordinaci\u00f3n con la Fiscal\u00eda de Quer\u00e9taro dieron cumplimiento en esa entidad, a la orden de aprehensi\u00f3n en contra de Pablo \u00abN\u00bb, como probable responsable del delito de Violaci\u00f3n en agravio de menor de edad, en la ciudad de&#8230;<\/p>\n","protected":false},"author":2,"featured_media":1222346,"comment_status":"closed","ping_status":"closed","sticky":false,"template":"","format":"standard","meta":{"footnotes":""},"categories":[18561,2005],"tags":[8682,10946,14737],"class_list":["post-1222343","post","type-post","status-publish","format-standard","has-post-thumbnail","hentry","category-society-politics","category-seguridad-y-justicia","tag-fiscalia-general-de-guerrero-fge","tag-jorge-zuriel-de-los-santos-barrila","tag-policia-ministerial-de-guerrero"],"_links":{"self":[{"href":"https:\/\/www.acapulcopress.com\/index.php\/wp-json\/wp\/v2\/posts\/1222343","targetHints":{"allow":["GET"]}}],"collection":[{"href":"https:\/\/www.acapulcopress.com\/index.php\/wp-json\/wp\/v2\/posts"}],"about":[{"href":"https:\/\/www.acapulcopress.com\/index.php\/wp-json\/wp\/v2\/types\/post"}],"author":[{"embeddable":true,"href":"https:\/\/www.acapulcopress.com\/index.php\/wp-json\/wp\/v2\/users\/2"}],"replies":[{"embeddable":true,"href":"https:\/\/www.acapulcopress.com\/index.php\/wp-json\/wp\/v2\/comments?post=1222343"}],"version-history":[{"count":0,"href":"https:\/\/www.acapulcopress.com\/index.php\/wp-json\/wp\/v2\/posts\/1222343\/revisions"}],"wp:featuredmedia":[{"embeddable":true,"href":"https:\/\/www.acapulcopress.com\/index.php\/wp-json\/"}],"wp:attachment":[{"href":"https:\/\/www.acapulcopress.com\/index.php\/wp-json\/wp\/v2\/media?parent=1222343"}],"wp:term":[{"taxonomy":"category","embeddable":true,"href":"https:\/\/www.acapulcopress.com\/index.php\/wp-json\/wp\/v2\/categories?post=1222343"},{"taxonomy":"post_tag","embeddable":true,"href":"https:\/\/www.acapulcopress.com\/index.php\/wp-json\/wp\/v2\/tags?post=1222343"}],"curies":[{"name":"wp","href":"https:\/\/api.w.org\/{rel}","templated":true}]}}