{"id":1222354,"date":"2021-03-08T22:26:20","date_gmt":"2021-03-09T04:26:20","guid":{"rendered":"https:\/\/www.acapulcopress.com\/?p=1222354"},"modified":"2021-03-08T22:26:20","modified_gmt":"2021-03-09T04:26:20","slug":"anorve-lleva-a-costa-grande-brigada-de-salud-visual","status":"publish","type":"post","link":"https:\/\/www.acapulcopress.com\/index.php\/2021\/03\/08\/anorve-lleva-a-costa-grande-brigada-de-salud-visual\/","title":{"rendered":"A\u00f1orve lleva a Costa Grande brigada de salud visual"},"content":{"rendered":"<p style=\"text-align: justify;\">CHILPANCINGO * 8 de marzo de 2021.<br \/>\n<em>] Especial.<\/em><\/p>\n<p style=\"text-align: justify;\">Este fin de semana el Senador de la Rep\u00fablica Manuel A\u00f1orve Ba\u00f1os, realiz\u00f3 una gira de trabajo por diversos municipios de la Costa Grande, en Atoyac de \u00c1lvarez, llev\u00f3 una brigada de salud visual y adem\u00e1s sostuvo una serie de reuniones de trabajo con diversos sectores ganaderos, pesqueros y cafetaleros.<\/p>\n<p style=\"text-align: justify;\">Durante su intervenci\u00f3n, Manuel A\u00f1orve, coment\u00f3 que desde el Senado, seguir\u00e1 insistiendo para que bajen los costos en la Autopista del Sol, se promocione m\u00e1s tur\u00edsticamente a Guerrero, se bajen los costos de las tarifas de luz, especialmente en estos momentos complicados por la pandemia.<\/p>\n<p style=\"text-align: justify;\">A\u00f1orve Ba\u00f1os, por solicitud de la ex dirigente del PRI municipal, Yazaret Maga\u00f1a, llev\u00f3 el &#8216;Programa de lentes gratuitos Rayito de Luz&#8217;.<\/p>\n<p style=\"text-align: justify;\">En este evento fue acompa\u00f1ado del ex Presidente Municipal Javier Galeana, la ex candidata a diputada Rosita P\u00e9rez, entre otros liderazgos.<\/p>\n<p style=\"text-align: justify;\">En su mensaje, tambien expres\u00f3 el Senador A\u00f1orve, que para \u00e9l es importante poder seguir apoyando a mejorar la calidad de vida de las y los guerrerenses y adem\u00e1s se apoya la econom\u00eda familiar.<\/p>\n<p style=\"text-align: justify;\">Ah\u00ed los asistentes le expresaron su reconocimiento y agradecimiento por que les llev\u00f3 este beneficio que les ayudara mucho a mejorar su calidad de vida.<\/p>\n","protected":false},"excerpt":{"rendered":"<p>CHILPANCINGO * 8 de marzo de 2021. ] Especial. Este fin de semana el Senador de la Rep\u00fablica Manuel A\u00f1orve Ba\u00f1os, realiz\u00f3 una gira de trabajo por diversos municipios de la Costa Grande, en Atoyac de \u00c1lvarez, llev\u00f3 una brigada de salud visual y adem\u00e1s sostuvo una serie de reuniones de trabajo con diversos sectores&#8230;<\/p>\n","protected":false},"author":2,"featured_media":1222355,"comment_status":"closed","ping_status":"closed","sticky":false,"template":"","format":"standard","meta":{"footnotes":""},"categories":[2024,18561],"tags":[2138,12366,18228],"class_list":["post-1222354","post","type-post","status-publish","format-standard","has-post-thumbnail","hentry","category-politica-activism","category-society-politics","tag-programa-de-lentes-gratuitos-rayito-de-luz","tag-manuel-anorve-banos","tag-yazaret-magana"],"_links":{"self":[{"href":"https:\/\/www.acapulcopress.com\/index.php\/wp-json\/wp\/v2\/posts\/1222354","targetHints":{"allow":["GET"]}}],"collection":[{"href":"https:\/\/www.acapulcopress.com\/index.php\/wp-json\/wp\/v2\/posts"}],"about":[{"href":"https:\/\/www.acapulcopress.com\/index.php\/wp-json\/wp\/v2\/types\/post"}],"author":[{"embeddable":true,"href":"https:\/\/www.acapulcopress.com\/index.php\/wp-json\/wp\/v2\/users\/2"}],"replies":[{"embeddable":true,"href":"https:\/\/www.acapulcopress.com\/index.php\/wp-json\/wp\/v2\/comments?post=1222354"}],"version-history":[{"count":0,"href":"https:\/\/www.acapulcopress.com\/index.php\/wp-json\/wp\/v2\/posts\/1222354\/revisions"}],"wp:featuredmedia":[{"embeddable":true,"href":"https:\/\/www.acapulcopress.com\/index.php\/wp-json\/"}],"wp:attachment":[{"href":"https:\/\/www.acapulcopress.com\/index.php\/wp-json\/wp\/v2\/media?parent=1222354"}],"wp:term":[{"taxonomy":"category","embeddable":true,"href":"https:\/\/www.acapulcopress.com\/index.php\/wp-json\/wp\/v2\/categories?post=1222354"},{"taxonomy":"post_tag","embeddable":true,"href":"https:\/\/www.acapulcopress.com\/index.php\/wp-json\/wp\/v2\/tags?post=1222354"}],"curies":[{"name":"wp","href":"https:\/\/api.w.org\/{rel}","templated":true}]}}