{"id":1222366,"date":"2021-03-09T00:21:11","date_gmt":"2021-03-09T06:21:11","guid":{"rendered":"https:\/\/www.acapulcopress.com\/?p=1222366"},"modified":"2021-03-09T00:21:11","modified_gmt":"2021-03-09T06:21:11","slug":"refrenda-gobernador-astudillo-compromiso-de-respeto-con-las-mujeres-guerrerenses","status":"publish","type":"post","link":"https:\/\/www.acapulcopress.com\/index.php\/2021\/03\/09\/refrenda-gobernador-astudillo-compromiso-de-respeto-con-las-mujeres-guerrerenses\/","title":{"rendered":"Refrenda Gobernador Astudillo compromiso de respeto con las mujeres guerrerenses"},"content":{"rendered":"<p style=\"text-align: justify;\">ACAPULCO * 8 de marzo de 2021.<br \/>\n<em>] Gobierno de Guerrero.<\/em><\/p>\n<p style=\"text-align: justify;\">Al revisar las acciones de seguridad que se llevan a cabo en la entidad, el gobernador H\u00e9ctor Astudillo Flores y las autoridades que integran la Mesa de Coordinaci\u00f3n para la Construcci\u00f3n de la Paz, refrendaron su compromiso en el <em>D\u00eda Internacional de la Mujer<\/em> de seguir trabajando por sus derechos y por erradicar la violencia contra ni\u00f1as y mujeres en Guerrero.<\/p>\n<p style=\"text-align: justify;\">H\u00e9ctor Astudillo puntualiz\u00f3 que el objetivo de las acciones en raz\u00f3n de g\u00e9nero, se enfocan a fortalecer sus derechos, mayor igualdad y mejores oportunidades de vida.<\/p>\n<p style=\"text-align: justify;\">Asimismo, pidi\u00f3 a las autoridades de los tres \u00f3rdenes de gobierno, estar atentos a las movilizaciones por el D\u00eda Internacional de la Mujer, para garantizar el derecho a la libre expresi\u00f3n y manifestaci\u00f3n, ponderado el di\u00e1logo, cuidando los protocolos, los derechos humanos y la seguridad de las manifestantes y los ciudadanos.<\/p>\n<p style=\"text-align: justify;\">Durante esta sesi\u00f3n de trabajo, el secretario de Seguridad P\u00fablica del estado, David Portillo Menchaca, inform\u00f3 de las actividades delictivas registradas este fin de semana, y el fiscal General del estado, Jorge Zuriel de los Santos Barrila, dio a conocer as indagatorias al respecto.<\/p>\n<p style=\"text-align: justify;\">Al respecto, Astudillo Flores puntualiz\u00f3 que las instituciones que conforman la Mesa de Coordinaci\u00f3n para la Construcci\u00f3n de la Paz, trabajan todos los d\u00edas en la lucha frontal contra los grupos delictivos generadores de violencia en Guerrero, lo que ha permitido mantener una tendencia a la baja en los indicadores comparados con a\u00f1os anteriores.<\/p>\n<p style=\"text-align: justify;\">Estuvieron presentes el comandante de la Novena Regi\u00f3n Militar, Eufemio Ibarra Flores; el comandante de la Octava Regi\u00f3n Naval, Julio C\u00e9sar Pescina \u00c1vila; el secretario General de Gobierno, Florencio Salazar Adame; el comandante de la 35 zona Militar, Miguel \u00c1ngel Aguirre Lara; el comandante de la 27 zona Militar, Federico San Juan Rosales; el coordinador Estatal de la Guardia Nacional, Lucio Vergara G\u00f3mez.<\/p>\n<p style=\"text-align: justify;\">As\u00ed como el delegado de la FGR, Fernando Garc\u00eda Fern\u00e1ndez; el representante del Centro Nacional de Inteligencia, Juan Gabriel Sosa Pintos; el secretario T\u00e9cnico, Hermes Teodoro Gonz\u00e1lez; el secretario de Turismo, Ernesto Rodr\u00edguez Escalona; el jefe de la Oficina del Gobernador, Alejandro Bravo Abarca; el presidente de la Comisi\u00f3n Estatal de Derechos Humanos, Ram\u00f3n Navarrete Magdaleno; el presidente de la Coparmex Chilpancingo, Joel Moreno Temelo, entre otros funcionarios.<\/p>\n","protected":false},"excerpt":{"rendered":"<p>ACAPULCO * 8 de marzo de 2021. ] Gobierno de Guerrero. Al revisar las acciones de seguridad que se llevan a cabo en la entidad, el gobernador H\u00e9ctor Astudillo Flores y las autoridades que integran la Mesa de Coordinaci\u00f3n para la Construcci\u00f3n de la Paz, refrendaron su compromiso en el D\u00eda Internacional de la Mujer&#8230;<\/p>\n","protected":false},"author":2,"featured_media":1222367,"comment_status":"closed","ping_status":"closed","sticky":false,"template":"","format":"standard","meta":{"footnotes":""},"categories":[18573,1983],"tags":[7222,9705,12964],"class_list":["post-1222366","post","type-post","status-publish","format-standard","has-post-thumbnail","hentry","category-goverment","category-guerrerogob","tag-dia-internacional-de-la-mujer","tag-hector-astudillo-flores","tag-mesa-de-coordinacion-para-la-construccion-de-la-paz"],"_links":{"self":[{"href":"https:\/\/www.acapulcopress.com\/index.php\/wp-json\/wp\/v2\/posts\/1222366","targetHints":{"allow":["GET"]}}],"collection":[{"href":"https:\/\/www.acapulcopress.com\/index.php\/wp-json\/wp\/v2\/posts"}],"about":[{"href":"https:\/\/www.acapulcopress.com\/index.php\/wp-json\/wp\/v2\/types\/post"}],"author":[{"embeddable":true,"href":"https:\/\/www.acapulcopress.com\/index.php\/wp-json\/wp\/v2\/users\/2"}],"replies":[{"embeddable":true,"href":"https:\/\/www.acapulcopress.com\/index.php\/wp-json\/wp\/v2\/comments?post=1222366"}],"version-history":[{"count":0,"href":"https:\/\/www.acapulcopress.com\/index.php\/wp-json\/wp\/v2\/posts\/1222366\/revisions"}],"wp:featuredmedia":[{"embeddable":true,"href":"https:\/\/www.acapulcopress.com\/index.php\/wp-json\/"}],"wp:attachment":[{"href":"https:\/\/www.acapulcopress.com\/index.php\/wp-json\/wp\/v2\/media?parent=1222366"}],"wp:term":[{"taxonomy":"category","embeddable":true,"href":"https:\/\/www.acapulcopress.com\/index.php\/wp-json\/wp\/v2\/categories?post=1222366"},{"taxonomy":"post_tag","embeddable":true,"href":"https:\/\/www.acapulcopress.com\/index.php\/wp-json\/wp\/v2\/tags?post=1222366"}],"curies":[{"name":"wp","href":"https:\/\/api.w.org\/{rel}","templated":true}]}}