{"id":1222372,"date":"2021-03-09T00:31:46","date_gmt":"2021-03-09T06:31:46","guid":{"rendered":"https:\/\/www.acapulcopress.com\/?p=1222372"},"modified":"2021-03-09T00:31:46","modified_gmt":"2021-03-09T06:31:46","slug":"adios-payasito-de-la-tele-murio-cepillin","status":"publish","type":"post","link":"https:\/\/www.acapulcopress.com\/index.php\/2021\/03\/09\/adios-payasito-de-la-tele-murio-cepillin\/","title":{"rendered":"Adi\u00f3s, &#8216;payasito de la tele&#8217; | Muri\u00f3 \u00abCepill\u00edn\u00bb&#8230;"},"content":{"rendered":"<p style=\"text-align: justify;\">CIUDAD DE M\u00c9XICO * 8 de marzo de 2021.<br \/>\n<em>] <a href=\"https:\/\/www.infobae.com\/america\/mexico\/2021\/03\/08\/murio-a-los-75-anos-cepillin\/\" target=\"_blank\" rel=\"noopener\">Infobae<\/a>.<\/em><\/p>\n<p style=\"text-align: justify;\">Ricardo Gonz\u00e1lez Guti\u00e9rrez, mejor conocido como Cepill\u00edn, falleci\u00f3 este 8 de marzo luego que se le detectara c\u00e1ncer de columna vertebral; el linfoma hab\u00eda sido identificado durante la operaci\u00f3n de la columna vertebral efectuada el pasado 27 de febrero.<\/p>\n<p style=\"text-align: justify;\">\u201cQuisiera yo darles un buen pron\u00f3stico, pero me acaban de decir que acaba de fallecer mi pap\u00e1. (&#8230;) Era una persona <img loading=\"lazy\" decoding=\"async\" class=\"alignleft size-medium wp-image-1222330\" src=\"https:\/\/www.acapulco.press\/wp-content\/uploads\/2021\/03\/CEPILLIN-375x530.jpg\" alt=\"\" width=\"375\" height=\"530\" \/>muy fuerte; un guerrero\u201d, anunci\u00f3 su hijo, Ricardo Gonz\u00e1lez Junior para el programa de Gustavo Adolfo.<\/p>\n<p style=\"text-align: justify;\">Detall\u00f3 para el medio que su padre present\u00f3 un paro respiratorio del cual los m\u00e9dicos lograron \u201csacarlo\u201d, sin embargo, relat\u00f3 que \u201cya estaba muy deteriorado\u201d e incluso le estaba fallando un ri\u00f1\u00f3n: \u201cLo mejor era eso. Era hablar con \u00e9l y decirle que ya no luchara porque ya no val\u00eda la pena. \u00c9l ya estaba muy deteriorado.\u201d<\/p>\n<p style=\"text-align: justify;\">A pesar de su estado cr\u00edtico de salud, Gonz\u00e1lez Jr. asegur\u00f3 que Cepill\u00edn quer\u00eda seguir luchando por recuperarse: \u201cPor todos \u00e9l quer\u00eda salir adelante; le ech\u00f3 todas las ganas.\u201d, relat\u00f3. Hasta el momento, la familia del artista no ha brindado detalles respecto a su sepelio.<\/p>\n<p style=\"text-align: justify;\">Algunas personalidades del medio art\u00edstico lamentaron el fallecimiento del payasito de los ni\u00f1os; una de ellas, la cantante Yuri, quien expres\u00f3 mediante sus redes sociales:<\/p>\n<p style=\"text-align: justify;\">\u201cAdi\u00f3s <em>@cepillintv<\/em> nunca te olvidar\u00e9, un d\u00eda pusiste palabras de aliento en mi o\u00eddo y comida en mi mesa&#8230; hace unos a\u00f1os tuve el privilegio de agradec\u00e9rtelo en vida, frente a tu gente y familia! Vuela alto Payasito de la Tele!\u201d, se lee en su cuenta oficial de Twitter.<\/p>\n<p style=\"text-align: justify;\">De igual manera, el actor de doblaje, Lalo Garza, expres\u00f3 sus condolencias y describi\u00f3 a Cepill\u00edn como el pasado m\u00e1s famoso de M\u00e9xico.<\/p>\n<p style=\"text-align: justify;\">\u201cSe nos fue una leyenda. El pasado m\u00e1s famoso de M\u00e9xico&#8230; un hombre que marc\u00f3 a m\u00e1s de cuatro generaciones. Un hombre que amaba a los ni\u00f1os, un gran padre y un gran mexicano. Descanse en paz Ricardo Gonz\u00e1lez, #Cepill\u00edn. Hoy, \u201cen la feria de Cepill\u00edn est\u00e1n de luto\u201d, expres\u00f3 mediante el mismo medio.<\/p>\n<p style=\"text-align: justify;\">El \u201cpayasito de la tele\u201d se hab\u00eda sometido a una operaci\u00f3n de m\u00e1s de siete horas el pasado 27 de febrero por un dolor severo de espalda, sin embargo, tras su intervenci\u00f3n, present\u00f3 neumon\u00eda y deficiencia cardiaca, oblig\u00e1ndolo a reingresar de emergencia al Corporativo Hospital Sat\u00e9lite en la tarde del domingo.<\/p>\n<p style=\"text-align: justify;\">\u201cEsto se da despu\u00e9s de una operaci\u00f3n tan fuerte que tuvo y es a lo que siempre le ten\u00edamos miedo nosotros por su antecedente de infartos y dem\u00e1s. Ojal\u00e1 y pueda salir adelante, est\u00e1n haciendo todo lo posible por mejorarle su ritmo cardiaco y lograr contener esta neumon\u00eda\u201d, declar\u00f3 Gonz\u00e1lez Jr. a El Universal en aquella ocasi\u00f3n.<\/p>\n<p style=\"text-align: justify;\">Horas despu\u00e9s de su reingreso, el tambi\u00e9n payasito inform\u00f3 a la prensa nacional que se hab\u00eda detectado tejido con c\u00e1ncer durante la operaci\u00f3n de su padre, no obstante, no podr\u00eda someterse a tratamiento de quimioterapia o radioterapia hasta que saliera del cuadro cl\u00ednico.<\/p>\n<p style=\"text-align: justify;\">\u201cCuando el hospital hace la operaci\u00f3n ve un tejido con c\u00e1ncer; o sea tiene linfoma. Entonces eso le bajo el sistema inmunol\u00f3gico a mi pap\u00e1 y por esa raz\u00f3n lo tuvieron que meter a terapia intensiva\u201d, declar\u00f3 Cepi ante los medios de comunicaci\u00f3n.<\/p>\n<p style=\"text-align: justify;\">Ricardo Gonz\u00e1lez Guti\u00e9rrez, nombre de pila de Cepill\u00edn, naci\u00f3 un 7 de febrero de 1946 en Monterrey, Nuevo Le\u00f3n. A pesar que fue odont\u00f3logo por profesi\u00f3n, su vocaci\u00f3n de payaso surgi\u00f3 poco a poco cuando comenz\u00f3 a pintarse el rostro de tal manera que a los ni\u00f1os no les diera temor ir con el dentista.<\/p>\n<p style=\"text-align: justify;\">Fue as\u00ed que el arquitecto, H\u00e9ctor Benavides, lo llam\u00f3 a participar con ni\u00f1os en un programa de televisi\u00f3n en el cual dur\u00f3 seis a\u00f1os, de 1971 a 1977, hasta que viaj\u00f3 a la Ciudad de M\u00e9xico.<\/p>\n","protected":false},"excerpt":{"rendered":"<p>CIUDAD DE M\u00c9XICO * 8 de marzo de 2021. ] Infobae. Ricardo Gonz\u00e1lez Guti\u00e9rrez, mejor conocido como Cepill\u00edn, falleci\u00f3 este 8 de marzo luego que se le detectara c\u00e1ncer de columna vertebral; el linfoma hab\u00eda sido identificado durante la operaci\u00f3n de la columna vertebral efectuada el pasado 27 de febrero. \u201cQuisiera yo darles un buen&#8230;<\/p>\n","protected":false},"author":2,"featured_media":1222373,"comment_status":"closed","ping_status":"closed","sticky":false,"template":"","format":"standard","meta":{"footnotes":""},"categories":[2054,18563,1972,1988],"tags":[5602,7754,15583],"class_list":["post-1222372","post","type-post","status-publish","format-standard","has-post-thumbnail","hentry","category-entertainment","category-entretenimiento","category-special","category-lifestyles","tag-cepillin","tag-el-payasito-de-la-tele","tag-ricardo-gonzalez-gutierrez"],"_links":{"self":[{"href":"https:\/\/www.acapulcopress.com\/index.php\/wp-json\/wp\/v2\/posts\/1222372","targetHints":{"allow":["GET"]}}],"collection":[{"href":"https:\/\/www.acapulcopress.com\/index.php\/wp-json\/wp\/v2\/posts"}],"about":[{"href":"https:\/\/www.acapulcopress.com\/index.php\/wp-json\/wp\/v2\/types\/post"}],"author":[{"embeddable":true,"href":"https:\/\/www.acapulcopress.com\/index.php\/wp-json\/wp\/v2\/users\/2"}],"replies":[{"embeddable":true,"href":"https:\/\/www.acapulcopress.com\/index.php\/wp-json\/wp\/v2\/comments?post=1222372"}],"version-history":[{"count":0,"href":"https:\/\/www.acapulcopress.com\/index.php\/wp-json\/wp\/v2\/posts\/1222372\/revisions"}],"wp:featuredmedia":[{"embeddable":true,"href":"https:\/\/www.acapulcopress.com\/index.php\/wp-json\/"}],"wp:attachment":[{"href":"https:\/\/www.acapulcopress.com\/index.php\/wp-json\/wp\/v2\/media?parent=1222372"}],"wp:term":[{"taxonomy":"category","embeddable":true,"href":"https:\/\/www.acapulcopress.com\/index.php\/wp-json\/wp\/v2\/categories?post=1222372"},{"taxonomy":"post_tag","embeddable":true,"href":"https:\/\/www.acapulcopress.com\/index.php\/wp-json\/wp\/v2\/tags?post=1222372"}],"curies":[{"name":"wp","href":"https:\/\/api.w.org\/{rel}","templated":true}]}}