{"id":1222378,"date":"2021-03-09T18:24:05","date_gmt":"2021-03-10T00:24:05","guid":{"rendered":"https:\/\/www.acapulcopress.com\/?p=1222378"},"modified":"2021-03-09T18:24:05","modified_gmt":"2021-03-10T00:24:05","slug":"yair-garcia-el-mejor-posicionado-por-morena-para-diputado-en-el-distrito-4-local","status":"publish","type":"post","link":"https:\/\/www.acapulcopress.com\/index.php\/2021\/03\/09\/yair-garcia-el-mejor-posicionado-por-morena-para-diputado-en-el-distrito-4-local\/","title":{"rendered":"Ya\u00edr Garc\u00eda, el mejor posicionado por Morena para Diputado en el Distrito 4 local"},"content":{"rendered":"<p style=\"text-align: justify;\">\u00bb \u00c1ngel<strong>Blanco<\/strong>.<br \/>\nACAPULCO * 9 de marzo de 2021.<br \/>\n<em>] Acapulco Press.<\/em><\/p>\n<p>De acuerdo con resultados de un Estudio Preelectoral en el Distrito 4 Local de Acapulco, realizado y difundido hoy por <em>Vinculaci\u00f3n Universitaria del Pacifico, S.C. <\/em>y\u00a0<em> la Red Latinoamericana de Estudios Subnacionales<\/em> (Relades), el <em>Ciudadano de Tiempo Completo,<\/em> Ya\u00edr Garc\u00eda Delgado result\u00f3 como el aspirante mejor posicionado, con una preferencia electoral del 9.8% y una imagen \u00ab45.2% buena\u00bb.<\/p>\n<p>Morena, el partido por el que Garc\u00eda Delgado participa, obtuvo un 55.1% de aceptaci\u00f3n partidista; por el contrario, el peor calificado fue el PRI, con 55.1% de rechazo, seguido del PAN, con un 7.6% de rechazo, y el PRD, con un 4.9%.<\/p>\n<p>Despu\u00e9s de Ya\u00edr Garc\u00eda, el segundo aspirante con buena aceptaci\u00f3n en el Distrito 4 local fue Miguel \u00c1ngel Rabad\u00e1n Delgado, con un 7.1%; le siguieron Norma R\u00edos Santana (4.3%), Citlali Calixto Jim\u00e9nez (4.0%), Alexandra Hern\u00e1ndez Rold\u00e1n (2.0%) Jose Salas 0.4%, Amadeo Noriega Abraj\u00e1n, (1.8%) y Mar\u00eda Nelly Ram\u00edrez Ram\u00edrez (0.4%).<\/p>\n<p>En \u00abimagen\u00bb por aspirantes, Alexandra Hern\u00e1ndez Rold\u00e1n obtuvo ventaja sobre Ya\u00edr Garc\u00eda, al conseguir 63.6% de buena calificaci\u00f3n en aprobaci\u00f3n de \u00abbuena imagen\u00bb.<\/p>\n<p>Ya\u00edr Garc\u00eda Delgado fue calificado por los habitantes del Distrito 4 local con <strong>45.2%<\/strong> en imagen buena; el 9.7 la tach\u00f3 de mala, pero el 42.2% se mantuvo \u00abneutral\u00bb, al respecto.<\/p>\n<p>Jos\u00e9 Salas fue calificado con 12% en buena imagen; empero, 25% se la tach\u00f3 de mala y 62% se mantuvo neutral en su opini\u00f3n. La imagen de Norma R\u00edos Santana fue calificada 40% buena, 20% mala y 40% neutral. Mar\u00eda Nelly Ram\u00edrez Ram\u00edrez recibi\u00f3 16.7% de calificaci\u00f3n favorable en imagen, 6.7% la tach\u00f3 de mala y 66.7% se mantuvo neutral.<\/p>\n<p>Miguel \u00c1ngel Rabad\u00e1n Delgado recibi\u00f3 43.3% en &#8216;buena&#8217; imagen, 10% la concibi\u00f3 como &#8216;mala&#8217; y 46.7% se mantuvo neutral, al respecto.<\/p>\n<p>Finalmente, las estad\u00edsticas de \u00abimagen por aspirantes\u00bb qued\u00f3 as\u00ed para los contendientes restantes:\u00a0 Amadeo Noriega Abraj\u00e1n: 40% buena y 60% neutral; Citlali Calixto Jim\u00e9nez: 41.7% buena, 25 mala, y 33.3% neutral.<\/p>\n<p><strong>NECESIDADES DISTRITALES Y OTROS DATOS<\/strong><\/p>\n<p style=\"text-align: justify;\">El muestro realizado cara a cara entre personas de 18 a 60 a\u00f1os, promedio, el 27 de febrero pasado, entre las 10 y las 14:30 horas, por un grupo de cuatro equipos de cuatro entrevistadores y un supervisor, y cuyo 90%\u00a0 porcentaje de confiabilidad fue validado por un coordinador de proyecto de las firmas patrocinadoras del estudio de opini\u00f3n, arroj\u00f3 que entre las necesidades que m\u00e1s apremian a los habitantes del Distrito 4 local son \u00abagua potable, seguridad, alumbrado p\u00fablico y empleo\u00bb, proyectos con los cuales se ha venido comprometiendo, precisamente, el <em>Ciudadano de Tiempo Completo,<\/em> Ya\u00edr Garc\u00eda Delgado.<\/p>\n<p style=\"text-align: justify;\">El &#8216;marco muestral&#8217; del estudio \u00b4\u00bbvigil\u00f3 cumplir las legislaci\u00f3n vigente y ce\u00f1irse a alas recomendaciones del Instituto Nacional Electoral (INE) y los organismos encargados de vigilar el cumplimiento de las disposiciones constitucionales y legales vigentes en materia electoral\u00bb; asimismo, \u00abse vigil\u00f3 el cumplimiento de las leyes y disposiciones en lo referente a la Ley Federal de Protecci\u00f3n de Datos Personales en Posesi\u00f3n de Particulares\u00bb, se\u00f1alaron <em>Vinculaci\u00f3n Universitaria del Pacifico, S.C. <\/em>y\u00a0<em> la Red Latinoamericana de Estudios Subnacionales<\/em> (Relades), agencias consultoras multidisciplinarias, integradas por profesionales con amplia experiencia en proyectos estrat\u00e9gicos, de alto impacto y beneficio social, seg\u00fan se lee en sus datos informativos.<\/p>\n<p>Con este Estudio Preelectoral en el Distrito 4 Local de Acapulco qued\u00f3 de manifiesto que el trabajo y trayectoria de Ya\u00edr Garc\u00eda Delgado ha sido validado por la misma ciudadan\u00eda que conf\u00eda en su imagen y proyecto, motivo por el que fue calificado con un 9.8% de aprobaci\u00f3n y una imagen \u00ab45.2% buena\u00bb.<\/p>\n<p><strong>ESTAD\u00cdSTICAS<\/strong><\/p>\n<p><img loading=\"lazy\" decoding=\"async\" class=\"alignnone wp-image-1222379 \" src=\"https:\/\/www.acapulco.press\/wp-content\/uploads\/2021\/03\/y4ir-PREFERENCIAS.png\" alt=\"\" width=\"824\" height=\"657\" \/><br \/>\n<img loading=\"lazy\" decoding=\"async\" class=\"alignnone wp-image-1222380 \" src=\"https:\/\/www.acapulco.press\/wp-content\/uploads\/2021\/03\/y4ir-imagen.png\" alt=\"\" width=\"822\" height=\"686\" \/><br \/>\n<img loading=\"lazy\" decoding=\"async\" class=\"alignnone wp-image-1222381 \" src=\"https:\/\/www.acapulco.press\/wp-content\/uploads\/2021\/03\/y4ir-intencion-del-voto.png\" alt=\"\" width=\"820\" height=\"579\" \/><br \/>\n<img loading=\"lazy\" decoding=\"async\" class=\"alignnone wp-image-1222382 \" src=\"https:\/\/www.acapulco.press\/wp-content\/uploads\/2021\/03\/y4ir-rechazo-x-partido.png\" alt=\"\" width=\"820\" height=\"605\" \/><\/p>\n<p>www.<strong>acapulcopress<\/strong>.com<\/p>\n","protected":false},"excerpt":{"rendered":"<p>\u00bb \u00c1ngelBlanco. ACAPULCO * 9 de marzo de 2021. ] Acapulco Press. De acuerdo con resultados de un Estudio Preelectoral en el Distrito 4 Local de Acapulco, realizado y difundido hoy por Vinculaci\u00f3n Universitaria del Pacifico, S.C. y\u00a0 la Red Latinoamericana de Estudios Subnacionales (Relades), el Ciudadano de Tiempo Completo, Ya\u00edr Garc\u00eda Delgado result\u00f3 como&#8230;<\/p>\n","protected":false},"author":2,"featured_media":1222384,"comment_status":"closed","ping_status":"closed","sticky":false,"template":"","format":"standard","meta":{"footnotes":""},"categories":[2024,2053,1972,18561],"tags":[3604,3743,5813,5826,7403,12604,13106,13297,13747,15370,17920,18204],"class_list":["post-1222378","post","type-post","status-publish","format-standard","has-post-thumbnail","hentry","category-politica-activism","category-elecciones-special","category-special","category-society-politics","tag-alexandra-hernandez-roldan","tag-amadeo-noriega-abrajan","tag-citlali-calixto-jimenez","tag-ciudadano-de-tiempo-completo","tag-distrito-iv-local-acapulco","tag-maria-nelly-ramirez-ramirez","tag-miguel-angel-rabadan-delgado","tag-morena","tag-norma-rios-santana","tag-red-latinoamericana-de-estudios-subnacionales-relades","tag-vinculacion-universitaria-del-pacifico-sc","tag-yair-garcia-delgado"],"_links":{"self":[{"href":"https:\/\/www.acapulcopress.com\/index.php\/wp-json\/wp\/v2\/posts\/1222378","targetHints":{"allow":["GET"]}}],"collection":[{"href":"https:\/\/www.acapulcopress.com\/index.php\/wp-json\/wp\/v2\/posts"}],"about":[{"href":"https:\/\/www.acapulcopress.com\/index.php\/wp-json\/wp\/v2\/types\/post"}],"author":[{"embeddable":true,"href":"https:\/\/www.acapulcopress.com\/index.php\/wp-json\/wp\/v2\/users\/2"}],"replies":[{"embeddable":true,"href":"https:\/\/www.acapulcopress.com\/index.php\/wp-json\/wp\/v2\/comments?post=1222378"}],"version-history":[{"count":0,"href":"https:\/\/www.acapulcopress.com\/index.php\/wp-json\/wp\/v2\/posts\/1222378\/revisions"}],"wp:featuredmedia":[{"embeddable":true,"href":"https:\/\/www.acapulcopress.com\/index.php\/wp-json\/"}],"wp:attachment":[{"href":"https:\/\/www.acapulcopress.com\/index.php\/wp-json\/wp\/v2\/media?parent=1222378"}],"wp:term":[{"taxonomy":"category","embeddable":true,"href":"https:\/\/www.acapulcopress.com\/index.php\/wp-json\/wp\/v2\/categories?post=1222378"},{"taxonomy":"post_tag","embeddable":true,"href":"https:\/\/www.acapulcopress.com\/index.php\/wp-json\/wp\/v2\/tags?post=1222378"}],"curies":[{"name":"wp","href":"https:\/\/api.w.org\/{rel}","templated":true}]}}