{"id":1222391,"date":"2021-03-09T19:22:12","date_gmt":"2021-03-10T01:22:12","guid":{"rendered":"https:\/\/www.acapulcopress.com\/?p=1222391"},"modified":"2021-03-09T19:22:12","modified_gmt":"2021-03-10T01:22:12","slug":"a-felix-le-fabricaron-victimas-y-delitos-amlo","status":"publish","type":"post","link":"https:\/\/www.acapulcopress.com\/index.php\/2021\/03\/09\/a-felix-le-fabricaron-victimas-y-delitos-amlo\/","title":{"rendered":"Fabricaron v\u00edctimas y delitos a F\u00e9lix | AMLO"},"content":{"rendered":"<p style=\"text-align: justify;\">CIUDAD DE M\u00c9XICO * 9 de marzo de 2021.<br \/>\n<em>] <a href=\"https:\/\/posta.com.mx\/news\/nacional\/fabricaron-victimas-y-delitos-contra-felix-salgado-amlo\/\" target=\"_blank\" rel=\"noopener\">Posta<\/a>.<\/em><\/p>\n<p style=\"text-align: justify;\">El presidente Andr\u00e9s Manuel L\u00f3pez Obrador, se\u00f1al\u00f3 que se han \u201cfabricado\u201d v\u00edctimas y delitos contra F\u00e9lix Salgado Macedonio, actual precandidato a la gubernatura de Guerrero, que est\u00e1 acusado de violaci\u00f3n y abuso sexual.<\/p>\n<p style=\"text-align: justify;\">\u201cFabrican v\u00edctimas, fabrican delitos, claro que s\u00ed\u201d, expres\u00f3 el presidente en su rueda de prensa diaria cuestionado por el reclamo de la marcha del 8 de marzo,<em> D\u00eda Internacional de la Mujer<\/em>, en el que miles protestaron con la consigna \u201cun violador no ser\u00e1 gobernador\u201d.<\/p>\n<p style=\"text-align: justify;\">Pese a que ya exist\u00edan denuncias penales y el reclamo de las mujeres, L\u00f3pez Obrador ha defendido a su aliado, quien desde hace d\u00e9cadas es parte del movimiento del l\u00edder izquierdista en Guerrero.<\/p>\n<p style=\"text-align: justify;\">\u201cNo hay (denuncias). Bueno, en el caso de que existan las denuncias penales, que sea el Poder Judicial el que resuelva, pero si no (hay), lo quiere el pueblo y no hay delitos, \u00bfnada m\u00e1s porque ya se tom\u00f3 como bandera, vamos a irnos acarreados sin argumentos? No\u201d, insisti\u00f3.<\/p>\n<p style=\"text-align: justify;\">Y agreg\u00f3: \u201cEn este caso, que ya no lo voy a volver a tratar, \u00bfqu\u00e9 fue lo que dije desde el principio? Que decida el pueblo de Guerrero, \u00bfpor qu\u00e9 no van a decidir las mujeres y los hombres de Guerrero?\u201d.<\/p>\n<p><iframe loading=\"lazy\" title=\"Ambulancias adquiridas con salarios y aguinaldos de servidores p\u00fablicos. Conferencia presidente AMLO\" width=\"1160\" height=\"653\" src=\"https:\/\/www.youtube.com\/embed\/kM0zuJ0nKQE?feature=oembed\" frameborder=\"0\" allow=\"accelerometer; autoplay; clipboard-write; encrypted-media; gyroscope; picture-in-picture; web-share\" referrerpolicy=\"strict-origin-when-cross-origin\" allowfullscreen><\/iframe><\/p>\n","protected":false},"excerpt":{"rendered":"<p>CIUDAD DE M\u00c9XICO * 9 de marzo de 2021. ] Posta. El presidente Andr\u00e9s Manuel L\u00f3pez Obrador, se\u00f1al\u00f3 que se han \u201cfabricado\u201d v\u00edctimas y delitos contra F\u00e9lix Salgado Macedonio, actual precandidato a la gubernatura de Guerrero, que est\u00e1 acusado de violaci\u00f3n y abuso sexual. \u201cFabrican v\u00edctimas, fabrican delitos, claro que s\u00ed\u201d, expres\u00f3 el presidente en&#8230;<\/p>\n","protected":false},"author":2,"featured_media":1222392,"comment_status":"closed","ping_status":"closed","sticky":false,"template":"","format":"standard","meta":{"footnotes":""},"categories":[2053,1972,1997],"tags":[3896,7222,8467,9544],"class_list":["post-1222391","post","type-post","status-publish","format-standard","has-post-thumbnail","hentry","category-elecciones-special","category-special","category-noticias-destacadas","tag-andres-manuel-lopez-obrador","tag-dia-internacional-de-la-mujer","tag-felix-salgado-macedonio","tag-gubernatura-de-guerrero-2021"],"_links":{"self":[{"href":"https:\/\/www.acapulcopress.com\/index.php\/wp-json\/wp\/v2\/posts\/1222391","targetHints":{"allow":["GET"]}}],"collection":[{"href":"https:\/\/www.acapulcopress.com\/index.php\/wp-json\/wp\/v2\/posts"}],"about":[{"href":"https:\/\/www.acapulcopress.com\/index.php\/wp-json\/wp\/v2\/types\/post"}],"author":[{"embeddable":true,"href":"https:\/\/www.acapulcopress.com\/index.php\/wp-json\/wp\/v2\/users\/2"}],"replies":[{"embeddable":true,"href":"https:\/\/www.acapulcopress.com\/index.php\/wp-json\/wp\/v2\/comments?post=1222391"}],"version-history":[{"count":0,"href":"https:\/\/www.acapulcopress.com\/index.php\/wp-json\/wp\/v2\/posts\/1222391\/revisions"}],"wp:featuredmedia":[{"embeddable":true,"href":"https:\/\/www.acapulcopress.com\/index.php\/wp-json\/"}],"wp:attachment":[{"href":"https:\/\/www.acapulcopress.com\/index.php\/wp-json\/wp\/v2\/media?parent=1222391"}],"wp:term":[{"taxonomy":"category","embeddable":true,"href":"https:\/\/www.acapulcopress.com\/index.php\/wp-json\/wp\/v2\/categories?post=1222391"},{"taxonomy":"post_tag","embeddable":true,"href":"https:\/\/www.acapulcopress.com\/index.php\/wp-json\/wp\/v2\/tags?post=1222391"}],"curies":[{"name":"wp","href":"https:\/\/api.w.org\/{rel}","templated":true}]}}