{"id":1222421,"date":"2021-03-09T21:46:46","date_gmt":"2021-03-10T03:46:46","guid":{"rendered":"https:\/\/www.acapulcopress.com\/?p=1222421"},"modified":"2021-03-09T21:46:46","modified_gmt":"2021-03-10T03:46:46","slug":"walton-reposicion-de-proceso-plagado-de-dudas-e-incertidumbre","status":"publish","type":"post","link":"https:\/\/www.acapulcopress.com\/index.php\/2021\/03\/09\/walton-reposicion-de-proceso-plagado-de-dudas-e-incertidumbre\/","title":{"rendered":"#Walton | Reposici\u00f3n de proceso plagado de dudas e incertidumbre"},"content":{"rendered":"<p style=\"text-align: justify;\"><strong>\u00bb Luis Walton Aburto.<\/strong><br \/>\n<em>]<a href=\"https:\/\/www.facebook.com\/LuisWalton\/posts\/1916199641882459\" target=\"_blank\" rel=\"noopener\"> Aspirante por Morena al Gobierno de Guerrero<\/a>.<\/em><\/p>\n<p style=\"text-align: justify;\">Sobre la nueva encuesta que anunci\u00f3 Morena para definir la candidatura al gobierno de Guerrero, quiero hacer los siguientes comentarios:<\/p>\n<p style=\"text-align: justify;\">Debo reconocer la profunda discusi\u00f3n pol\u00edtica que se dio, y se sigue dando al interior del partido, acerca de la necesidad de mantener la congruencia de sus principios \u00e9ticos, morales, estatutarios y program\u00e1ticos. Morena ratifica as\u00ed su vocaci\u00f3n democr\u00e1tica, progresista y plural, donde se escucha a todas las voces y se permite disentir, sin riesgo de ser estigmatizado o condenado a la censura.<\/p>\n<p style=\"text-align: justify;\">Me siento altamente distinguido, por todas las voces que me mencionan como participante de la nueva encuesta de Morena. Valoro mucho todas las muestras de apoyo, de quienes conf\u00edan en mi persona, y en que su servidor cuenta con el mejor proyecto para sacar a Guerrero del atraso y la marginaci\u00f3n.<\/p>\n<p style=\"text-align: justify;\">Ser\u00eda absurdo preguntarme si tengo inter\u00e9s de participar en la nueva encuesta, como absurdo ser\u00eda decir que no. Por supuesto que aspiro a ser gobernador de Guerrero. Ser\u00eda un alto honor servir a mi estado, sobre todo en las condiciones hist\u00f3ricas de postraci\u00f3n en las que se encuentra. Sobre todo en estas horas de la historia de M\u00e9xico, en las que se escribe la gesta de la Cuarta Transformaci\u00f3n, ser\u00eda un alto honor gobernar Guerrero.<\/p>\n<p style=\"text-align: justify;\">Sin embargo, no puedo dejar de observar que la reposici\u00f3n del proceso interno guarda una gran cantidad de dudas e incertidumbre. Por ejemplo, a estas alturas, los presuntos aspirantes no sabemos si lo somos. En los medios de comunicaci\u00f3n hay versiones de que somos cinco, de que somos cuatro, de que somos tres, pero tambi\u00e9n de que s\u00f3lo somos dos. Quiero dejar constancia, de que al menos en mi caso, no he sido notificado de manera personal de cu\u00e1ntas y cu\u00e1ntos compa\u00f1eras y compa\u00f1eros ser\u00edan incluidos en la medici\u00f3n, de qu\u00e9 se requer\u00eda para participar, de c\u00f3mo ser\u00eda la nueva encuesta y de cu\u00e1les ser\u00edan los aspectos que se iban a valorar.<\/p>\n<p style=\"text-align: justify;\">Repito, y lo digo fuerte y claro para que nadie se confunda: tengo el mejor proyecto para Guerrero y s\u00ed he aspirado a participar en la nueva encuesta de Morena para la candidatura al gobierno del estado. Pero debo ser enf\u00e1tico en mi escepticismo, al observar las reticencias que cualquiera puede ver en este proceso. Desde el simple hecho de que no hay claridad ni certeza de qui\u00e9nes son los participantes, de la metodolog\u00eda, ni de la transparencia de los resultados, incluida la valoraci\u00f3n completa de los positivos y los negativos de cada aspirante, como lo he venido solicitando desde la encuesta anterior.<\/p>\n<p style=\"text-align: justify;\">Tampoco existe garant\u00eda de que el aspirante impugnado vaya a renunciar a la candidatura de Morena, lo cual debiera ser el elemento de certeza m\u00e1s importante para todas y todos los que participamos. No hay que perder de vista que en este momento hay un candidato registrado ante el Instituto Electoral y de Participaci\u00f3n Ciudadana del Estado, y desde ah\u00ed vamos a una medici\u00f3n incierta. En nombre de las compa\u00f1eras y compa\u00f1eros que me respaldan, y en el m\u00edo propio, deseamos con profunda convicci\u00f3n democr\u00e1tica, que este ejercicio no sea un enga\u00f1o, solamente para legitimar una decisi\u00f3n ya tomada.<\/p>\n<p style=\"text-align: justify;\">Como aspirante debidamente registrado ante Morena, considero que es sano que el partido de la Cuarta Transformaci\u00f3n genere confianza entre las mujeres y hombres que buscamos participar y creemos en este gran proyecto. Es lo menos que merecemos quienes confiamos en la convocatoria y que contamos con una fuerza real que requiere respeto y oficio pol\u00edtico. Por esa raz\u00f3n apelo a la honorabilidad de este Movimiento, que es del pueblo, y que tiene ante s\u00ed el mayor desaf\u00edo en esta nueva etapa de la vida p\u00fablica de M\u00e9xico. El reto ahora es la UNIDAD y la RECONCILIACI\u00d3N. Estamos a tiempo.<\/p>\n<p style=\"text-align: justify;\"><em>#VamosMorena!<\/em><br \/>\n<em> #VamosGuerrero!<\/em><\/p>\n","protected":false},"excerpt":{"rendered":"<p>\u00bb Luis Walton Aburto. ] Aspirante por Morena al Gobierno de Guerrero. Sobre la nueva encuesta que anunci\u00f3 Morena para definir la candidatura al gobierno de Guerrero, quiero hacer los siguientes comentarios: Debo reconocer la profunda discusi\u00f3n pol\u00edtica que se dio, y se sigue dando al interior del partido, acerca de la necesidad de mantener&#8230;<\/p>\n","protected":false},"author":2,"featured_media":1222422,"comment_status":"closed","ping_status":"closed","sticky":false,"template":"","format":"standard","meta":{"footnotes":""},"categories":[2071,1991],"tags":[6809,12218,13297],"class_list":["post-1222421","post","type-post","status-publish","format-standard","has-post-thumbnail","hentry","category-opinion-analisis-columnas","category-libertad-de-expresion","tag-cuarta-transformacion","tag-luis-walton-aburto","tag-morena"],"_links":{"self":[{"href":"https:\/\/www.acapulcopress.com\/index.php\/wp-json\/wp\/v2\/posts\/1222421","targetHints":{"allow":["GET"]}}],"collection":[{"href":"https:\/\/www.acapulcopress.com\/index.php\/wp-json\/wp\/v2\/posts"}],"about":[{"href":"https:\/\/www.acapulcopress.com\/index.php\/wp-json\/wp\/v2\/types\/post"}],"author":[{"embeddable":true,"href":"https:\/\/www.acapulcopress.com\/index.php\/wp-json\/wp\/v2\/users\/2"}],"replies":[{"embeddable":true,"href":"https:\/\/www.acapulcopress.com\/index.php\/wp-json\/wp\/v2\/comments?post=1222421"}],"version-history":[{"count":0,"href":"https:\/\/www.acapulcopress.com\/index.php\/wp-json\/wp\/v2\/posts\/1222421\/revisions"}],"wp:featuredmedia":[{"embeddable":true,"href":"https:\/\/www.acapulcopress.com\/index.php\/wp-json\/"}],"wp:attachment":[{"href":"https:\/\/www.acapulcopress.com\/index.php\/wp-json\/wp\/v2\/media?parent=1222421"}],"wp:term":[{"taxonomy":"category","embeddable":true,"href":"https:\/\/www.acapulcopress.com\/index.php\/wp-json\/wp\/v2\/categories?post=1222421"},{"taxonomy":"post_tag","embeddable":true,"href":"https:\/\/www.acapulcopress.com\/index.php\/wp-json\/wp\/v2\/tags?post=1222421"}],"curies":[{"name":"wp","href":"https:\/\/api.w.org\/{rel}","templated":true}]}}