{"id":1222451,"date":"2021-03-09T23:10:24","date_gmt":"2021-03-10T05:10:24","guid":{"rendered":"https:\/\/www.acapulcopress.com\/?p=1222451"},"modified":"2021-03-09T23:10:24","modified_gmt":"2021-03-10T05:10:24","slug":"los-del-prian-gobiernan-como-mafiosos-senala-mario-delgado","status":"publish","type":"post","link":"https:\/\/www.acapulcopress.com\/index.php\/2021\/03\/09\/los-del-prian-gobiernan-como-mafiosos-senala-mario-delgado\/","title":{"rendered":"Los del Prian gobiernan como mafiosos, se\u00f1ala Mario Delgado"},"content":{"rendered":"<p style=\"text-align: justify;\">CIUDAD DE M\u00c9XICO * 9 de marzo de 2021.<br \/>\n<em>] Morena.<\/em><\/p>\n<p style=\"text-align: justify;\">En un video difundido en redes sociales, el presidente nacional de Morena, Mario Delgado Carrillo se\u00f1al\u00f3 que los del PRIAN estaban acostumbrados a gobernar mediante \u201ccorruptelas y complicidades\u201d. Esto, en el marco de la solicitud que hizo la Fiscal\u00eda General de la Rep\u00fablica (FGR) a la C\u00e1mara de Diputados para que iniciara el proceso de desafuero del gobernador de Tamaulipas, Francisco Garc\u00eda Cabeza de Vaca, por delincuencia organizada y operaciones con recursos de procedencia il\u00edcita.<\/p>\n<p style=\"text-align: justify;\">\u201cAlgunos gobernadores del PRI y del PAN gobiernan como mafiosos. Se tapan sus corruptelas, sus negocios, sus complicidades; por eso ahora van juntos en alianza, porque se aferran al poder\u201d, declar\u00f3 Delgado.<\/p>\n<p style=\"text-align: justify;\">En este sentido, detall\u00f3 que Cabeza de Vaca es uno de los cinco ex gobernadores de Tamaulipas con acusaciones de nexos con el crimen organizado; adem\u00e1s, record\u00f3 que el panista estuvo preso en Texas por robo de armas y que ha sido se\u00f1alado por la DEA por enriquecimiento inexplicable y por estar vinculado con grupos de la delincuencia organizada.<\/p>\n<p style=\"text-align: justify;\">\u201cNo es la primera vez que un gobernador del PRIAN tiene acusaciones de este tipo en su contra, pero s\u00ed es la primera vez que tenemos una Fiscal\u00eda absolutamente aut\u00f3noma que est\u00e1 tomando acciones para vigilar que nunca m\u00e1s un gobernante est\u00e9 por encima de la ley\u00bb, manifest\u00f3.<\/p>\n<p style=\"text-align: justify;\">Asimismo, record\u00f3 que los gobiernos del PRIAN fueron los que se opusieron a que hubiera una fiscal\u00eda independiente y, por lo tanto, llegue finalmente la justicia que los mexicanos tantos a\u00f1os esperaron.<\/p>\n<p style=\"text-align: justify;\">\u201cEl pueblo de M\u00e9xico despert\u00f3 y quiere que se acaben los gobiernos del PRIAN. Por eso, en este 2021 la gente volver\u00e1 a escoger la transformaci\u00f3n en las urnas con Morena\u201d, concluy\u00f3.<\/p>\n","protected":false},"excerpt":{"rendered":"<p>CIUDAD DE M\u00c9XICO * 9 de marzo de 2021. ] Morena. En un video difundido en redes sociales, el presidente nacional de Morena, Mario Delgado Carrillo se\u00f1al\u00f3 que los del PRIAN estaban acostumbrados a gobernar mediante \u201ccorruptelas y complicidades\u201d. Esto, en el marco de la solicitud que hizo la Fiscal\u00eda General de la Rep\u00fablica (FGR)&#8230;<\/p>\n","protected":false},"author":2,"featured_media":1222452,"comment_status":"closed","ping_status":"closed","sticky":false,"template":"","format":"standard","meta":{"footnotes":""},"categories":[2024,18561],"tags":[12677,13297,14184,14914,14919],"class_list":["post-1222451","post","type-post","status-publish","format-standard","has-post-thumbnail","hentry","category-politica-activism","category-society-politics","tag-mario-delgado-carrillo","tag-morena","tag-pan","tag-pri","tag-prian"],"_links":{"self":[{"href":"https:\/\/www.acapulcopress.com\/index.php\/wp-json\/wp\/v2\/posts\/1222451","targetHints":{"allow":["GET"]}}],"collection":[{"href":"https:\/\/www.acapulcopress.com\/index.php\/wp-json\/wp\/v2\/posts"}],"about":[{"href":"https:\/\/www.acapulcopress.com\/index.php\/wp-json\/wp\/v2\/types\/post"}],"author":[{"embeddable":true,"href":"https:\/\/www.acapulcopress.com\/index.php\/wp-json\/wp\/v2\/users\/2"}],"replies":[{"embeddable":true,"href":"https:\/\/www.acapulcopress.com\/index.php\/wp-json\/wp\/v2\/comments?post=1222451"}],"version-history":[{"count":0,"href":"https:\/\/www.acapulcopress.com\/index.php\/wp-json\/wp\/v2\/posts\/1222451\/revisions"}],"wp:featuredmedia":[{"embeddable":true,"href":"https:\/\/www.acapulcopress.com\/index.php\/wp-json\/"}],"wp:attachment":[{"href":"https:\/\/www.acapulcopress.com\/index.php\/wp-json\/wp\/v2\/media?parent=1222451"}],"wp:term":[{"taxonomy":"category","embeddable":true,"href":"https:\/\/www.acapulcopress.com\/index.php\/wp-json\/wp\/v2\/categories?post=1222451"},{"taxonomy":"post_tag","embeddable":true,"href":"https:\/\/www.acapulcopress.com\/index.php\/wp-json\/wp\/v2\/tags?post=1222451"}],"curies":[{"name":"wp","href":"https:\/\/api.w.org\/{rel}","templated":true}]}}