{"id":1222457,"date":"2021-03-09T23:26:24","date_gmt":"2021-03-10T05:26:24","guid":{"rendered":"https:\/\/www.acapulcopress.com\/?p=1222457"},"modified":"2021-03-09T23:26:24","modified_gmt":"2021-03-10T05:26:24","slug":"refuerzas-tres-niveles-de-gobierno-seguridad-en-zona-norte-de-guerrero","status":"publish","type":"post","link":"https:\/\/www.acapulcopress.com\/index.php\/2021\/03\/09\/refuerzas-tres-niveles-de-gobierno-seguridad-en-zona-norte-de-guerrero\/","title":{"rendered":"Refuerzan tres niveles de gobierno seguridad en  Zona Norte de Guerrero"},"content":{"rendered":"<p style=\"text-align: justify;\">CHILPANCINGO * 9 de marzo de 2021.<br \/>\n<em>] Gobierno de Guerrero.<\/em><\/p>\n<p style=\"text-align: justify;\">El gobernador H\u00e9ctor Astudillo Flores presidi\u00f3 la Mesa de Coordinaci\u00f3n para la Construcci\u00f3n de la Paz con autoridades civiles y militares, donde inform\u00f3 que se intensificaron las actividades de seguridad en la zona Norte del estado, principalmente en Iguala, implementando operativos para inhibir las acciones delictivas en la regi\u00f3n.<\/p>\n<p style=\"text-align: justify;\">En el encuentro, el secretario de Seguridad P\u00fablica, David Portillo Menchaca, destac\u00f3 que Guerrero se mantiene con una tendencia a la baja en los indicadores delictivos, derivado de la coordinaci\u00f3n estrecha que se ha logrado implementar en la Mesa de Coordinaci\u00f3n para la Construcci\u00f3n de la Paz que encabeza el gobernador H\u00e9ctor Astudillo Flores.<\/p>\n<p style=\"text-align: justify;\">Asimismo, dio a conocer que la Polic\u00eda Estatal brind\u00f3 resguardo, como fue solicitado, a personas que se trasladaron de comunidades como El Pescado, Hacienda de Dolores, El Ciruelo hacia Coyuca de Catal\u00e1n.<\/p>\n<p style=\"text-align: justify;\">El fiscal General del Estado, Jorge Zuriel de los Santos Barrila, indic\u00f3 que se da seguimiento y se investigan los hechos registrados en materia de procuraci\u00f3n de justicia.<\/p>\n<p style=\"text-align: justify;\">En la Mesa de Coordinaci\u00f3n Estatal tambi\u00e9n se evaluaron las actividades registradas en Guerrero con motivo del D\u00eda Internacional de la Mujer, con saldo blanco, respetando en todo momento la libertad de expresi\u00f3n.<\/p>\n<p style=\"text-align: justify;\">Estuvieron presentes el comandante de la Novena Regi\u00f3n Militar, Eufemio Ibarra Flores; el comandante de la Octava Regi\u00f3n Naval, Julio C\u00e9sar Pescina \u00c1vila; el secretario General de Gobierno, Florencio Salazar Adame; el comandante de la 27 zona Militar, Federico San Juan Rosales; el representante de la Guardia Nacional,Gilberto Cris\u00f3stomo Alvarado; el delegado de la FGR en Guerrero, Fernando Garc\u00eda Fern\u00e1ndez.<\/p>\n<p style=\"text-align: justify;\">Tambi\u00e9n asistieron v\u00eda virtual, el presidente de la Comisi\u00f3n Estatal de Derechos Humanos, Ram\u00f3n Navarrete Magdaleno; el representante del Centro Nacional de Inteligencia, Juan Gabriel Sosa Pintos; el secretario T\u00e9cnico, Hermes Teodoro Gonz\u00e1lez; el presidente de Coparmex Chilpancingo, Joel Moreno Temelo; el jefe de la Oficina del Gobernador, Alejandro Bravo Abarca; el subsecretario de Asuntos Pol\u00edticos, Mart\u00edn Maldonado del Moral, entre otros funcionarios estatales y federales.<\/p>\n","protected":false},"excerpt":{"rendered":"<p>CHILPANCINGO * 9 de marzo de 2021. ] Gobierno de Guerrero. El gobernador H\u00e9ctor Astudillo Flores presidi\u00f3 la Mesa de Coordinaci\u00f3n para la Construcci\u00f3n de la Paz con autoridades civiles y militares, donde inform\u00f3 que se intensificaron las actividades de seguridad en la zona Norte del estado, principalmente en Iguala, implementando operativos para inhibir las&#8230;<\/p>\n","protected":false},"author":2,"featured_media":1222458,"comment_status":"closed","ping_status":"closed","sticky":false,"template":"","format":"standard","meta":{"footnotes":""},"categories":[18573,1983],"tags":[6705,9302,9705,12964,16421],"class_list":["post-1222457","post","type-post","status-publish","format-standard","has-post-thumbnail","hentry","category-goverment","category-guerrerogob","tag-covid19","tag-gobierno-de-guerrero","tag-hector-astudillo-flores","tag-mesa-de-coordinacion-para-la-construccion-de-la-paz","tag-semaforo-de-riesgo-covid19"],"_links":{"self":[{"href":"https:\/\/www.acapulcopress.com\/index.php\/wp-json\/wp\/v2\/posts\/1222457","targetHints":{"allow":["GET"]}}],"collection":[{"href":"https:\/\/www.acapulcopress.com\/index.php\/wp-json\/wp\/v2\/posts"}],"about":[{"href":"https:\/\/www.acapulcopress.com\/index.php\/wp-json\/wp\/v2\/types\/post"}],"author":[{"embeddable":true,"href":"https:\/\/www.acapulcopress.com\/index.php\/wp-json\/wp\/v2\/users\/2"}],"replies":[{"embeddable":true,"href":"https:\/\/www.acapulcopress.com\/index.php\/wp-json\/wp\/v2\/comments?post=1222457"}],"version-history":[{"count":0,"href":"https:\/\/www.acapulcopress.com\/index.php\/wp-json\/wp\/v2\/posts\/1222457\/revisions"}],"wp:featuredmedia":[{"embeddable":true,"href":"https:\/\/www.acapulcopress.com\/index.php\/wp-json\/"}],"wp:attachment":[{"href":"https:\/\/www.acapulcopress.com\/index.php\/wp-json\/wp\/v2\/media?parent=1222457"}],"wp:term":[{"taxonomy":"category","embeddable":true,"href":"https:\/\/www.acapulcopress.com\/index.php\/wp-json\/wp\/v2\/categories?post=1222457"},{"taxonomy":"post_tag","embeddable":true,"href":"https:\/\/www.acapulcopress.com\/index.php\/wp-json\/wp\/v2\/tags?post=1222457"}],"curies":[{"name":"wp","href":"https:\/\/api.w.org\/{rel}","templated":true}]}}