{"id":1222466,"date":"2021-03-09T23:49:47","date_gmt":"2021-03-10T05:49:47","guid":{"rendered":"https:\/\/www.acapulcopress.com\/?p=1222466"},"modified":"2021-03-09T23:49:47","modified_gmt":"2021-03-10T05:49:47","slug":"estar-en-amarillo-no-significa-dejar-las-recomendaciones-sanitarias-de-la-pena","status":"publish","type":"post","link":"https:\/\/www.acapulcopress.com\/index.php\/2021\/03\/09\/estar-en-amarillo-no-significa-dejar-las-recomendaciones-sanitarias-de-la-pena\/","title":{"rendered":"Estar en &#8216;amarillo&#8217; no significa dejar las recomendaciones sanitarias | De la Pe\u00f1a"},"content":{"rendered":"<p style=\"text-align: justify;\">CHILPANCINGO * 9 de marzo de 2021.<br \/>\n<em>] Gobierno de Guerrero.<\/em><\/p>\n<p style=\"text-align: justify;\">El secretario de Salud, Carlos de la Pe\u00f1a Pintos reiter\u00f3 a la poblaci\u00f3n que estar en sem\u00e1foro amarillo no significa que deben dejarse de lado las recomendaciones como el uso obligatorio de cubrebocas, la sana distancia y no acudir a lugares cerrados y con aglomeraci\u00f3n.<\/p>\n<p style=\"text-align: justify;\"><img loading=\"lazy\" decoding=\"async\" class=\"alignleft size-medium wp-image-1222469\" src=\"https:\/\/www.acapulco.press\/wp-content\/uploads\/2021\/03\/SEMAFORO-AMARILLO-COVID-GRO-375x280.jpg\" alt=\"\" width=\"375\" height=\"280\" \/>En la transmisi\u00f3n n\u00famero 325, acompa\u00f1ado de la directora de Comunicaci\u00f3n Social, Erika L\u00fchrs Cort\u00e9s, el secretario Carlos de la Pe\u00f1a tambi\u00e9n inform\u00f3 que en la entidad avanza el programa Nacional de Vacunaci\u00f3n de manera coordinada con la delegaci\u00f3n federal y los servidores de la Naci\u00f3n para inmunizar a personal de salud y de manera simult\u00e1nea adultos mayores.<\/p>\n<p style=\"text-align: justify;\">Explic\u00f3 que las vacunas se destinaron a Chilpancingo, Eduardo Neri y a varios municipios de la Regi\u00f3n de la Costa Chica.<\/p>\n<p style=\"text-align: justify;\">Se distribuyeron 22 mil 720 vacunas para Costa Chica y 21 <img loading=\"lazy\" decoding=\"async\" class=\"alignleft size-medium wp-image-1222468\" src=\"https:\/\/www.acapulco.press\/wp-content\/uploads\/2021\/03\/SEMAFORO-AMARILLO-COVID-GRO-3-375x280.jpg\" alt=\"\" width=\"375\" height=\"280\" \/>mil 459 para Chilpancingo, aclarando que el gobierno federal es el que manda los lineamientos.<\/p>\n<p style=\"text-align: justify;\">Respecto al panorama del Covid-19, Carlos de la Pe\u00f1a Pintos indic\u00f3 que se acumulan 36 mil 106 casos positivos y 3 mil 736 defunciones.<\/p>\n<p style=\"text-align: justify;\">En cuanto a casos nuevos, se\u00f1al\u00f3 que son 102 y 684 casos activos.<\/p>\n<p style=\"text-align: justify;\">La hospitalizaci\u00f3n que va a la baja es del 28 por ciento con 206 pacientes, de estos, 41 permanecen intubados, en las defunciones se tienen registradas 97 con un promedio de 12.1 de fallecimientos al d\u00eda y la ocupaci\u00f3n de ventiladores es del 17 por ciento.<\/p>\n<p style=\"text-align: justify;\">\u00abTenemos que seguir puntuales con la disciplina, el hecho de que estemos en sem\u00e1foro amarillo no significa que no tengamos que usar cubrebocas, evitar aglomeraciones y lugares cerrados, son las reglas b\u00e1sicas para salir adelante\u00bb, apunt\u00f3 de la Pe\u00f1a Pintos.<\/p>\n<p style=\"text-align: justify;\">La directora de Comunicaci\u00f3n Social, Erika L\u00fchrs Cort\u00e9s, indic\u00f3 que contin\u00faan las brigadas de concientizaci\u00f3n, de sanitizaci\u00f3n y la entrega de cubrebocas en diversos municipios para no bajar la guardia y seguir haciendo frente a la pandemia.<\/p>\n","protected":false},"excerpt":{"rendered":"<p>CHILPANCINGO * 9 de marzo de 2021. ] Gobierno de Guerrero. El secretario de Salud, Carlos de la Pe\u00f1a Pintos reiter\u00f3 a la poblaci\u00f3n que estar en sem\u00e1foro amarillo no significa que deben dejarse de lado las recomendaciones como el uso obligatorio de cubrebocas, la sana distancia y no acudir a lugares cerrados y con&#8230;<\/p>\n","protected":false},"author":2,"featured_media":1222467,"comment_status":"closed","ping_status":"closed","sticky":false,"template":"","format":"standard","meta":{"footnotes":""},"categories":[18573,1983],"tags":[5185,6705,7348,8040,15170,16008,16127,16242,16358,16421,17430,17697],"class_list":["post-1222466","post","type-post","status-publish","format-standard","has-post-thumbnail","hentry","category-goverment","category-guerrerogob","tag-carlos-de-la-pena-pintos","tag-covid19","tag-direccion-de-comunicacion-social-de-guerrero","tag-erika-luhrs-cortes","tag-quedate-en-casa","tag-sana-distancia","tag-secretaria-de-administracion-y-finanzas-de-guerrero","tag-secretaria-de-salud-de-guerrero-ssg","tag-sefina","tag-semaforo-de-riesgo-covid19","tag-tulio-samuel-perez-calvo","tag-uso-obligatorio-de-cubrebocas"],"_links":{"self":[{"href":"https:\/\/www.acapulcopress.com\/index.php\/wp-json\/wp\/v2\/posts\/1222466","targetHints":{"allow":["GET"]}}],"collection":[{"href":"https:\/\/www.acapulcopress.com\/index.php\/wp-json\/wp\/v2\/posts"}],"about":[{"href":"https:\/\/www.acapulcopress.com\/index.php\/wp-json\/wp\/v2\/types\/post"}],"author":[{"embeddable":true,"href":"https:\/\/www.acapulcopress.com\/index.php\/wp-json\/wp\/v2\/users\/2"}],"replies":[{"embeddable":true,"href":"https:\/\/www.acapulcopress.com\/index.php\/wp-json\/wp\/v2\/comments?post=1222466"}],"version-history":[{"count":0,"href":"https:\/\/www.acapulcopress.com\/index.php\/wp-json\/wp\/v2\/posts\/1222466\/revisions"}],"wp:featuredmedia":[{"embeddable":true,"href":"https:\/\/www.acapulcopress.com\/index.php\/wp-json\/"}],"wp:attachment":[{"href":"https:\/\/www.acapulcopress.com\/index.php\/wp-json\/wp\/v2\/media?parent=1222466"}],"wp:term":[{"taxonomy":"category","embeddable":true,"href":"https:\/\/www.acapulcopress.com\/index.php\/wp-json\/wp\/v2\/categories?post=1222466"},{"taxonomy":"post_tag","embeddable":true,"href":"https:\/\/www.acapulcopress.com\/index.php\/wp-json\/wp\/v2\/tags?post=1222466"}],"curies":[{"name":"wp","href":"https:\/\/api.w.org\/{rel}","templated":true}]}}