{"id":1222482,"date":"2021-03-10T19:22:37","date_gmt":"2021-03-11T01:22:37","guid":{"rendered":"https:\/\/www.acapulcopress.com\/?p=1222482"},"modified":"2021-03-10T19:22:37","modified_gmt":"2021-03-11T01:22:37","slug":"con-victor-aguirre-el-prd-tiene-candidato-no-solo-para-ganar-encuestas-sino-la-presidencia-de-acapulco","status":"publish","type":"post","link":"https:\/\/www.acapulcopress.com\/index.php\/2021\/03\/10\/con-victor-aguirre-el-prd-tiene-candidato-no-solo-para-ganar-encuestas-sino-la-presidencia-de-acapulco\/","title":{"rendered":"Con V\u00edctor Aguirre el PRD tiene candidato no solo para ganar encuestas, sino la Presidencia de Acapulco"},"content":{"rendered":"<p style=\"text-align: justify;\">\u00bb \u00c1ngel <strong>Blanco<\/strong><br \/>\nACAPULCO * 10 de marzo de 2021.<br \/>\n] Gobierno de Guerrero.<\/p>\n<p style=\"text-align: justify;\">V\u00edctor Aguirre Alcaide, virtual \u00abcandidato de unidad\u00bb del Partido de la Revoluci\u00f3n Democr\u00e1tica (PRD) para contender con el candidato que el PRI elija por la candidatura oficial de la coalici\u00f3n PRD\/PRI para la presidencia de Acapulco, dijo no sentirse preocupado por ganar una encuesta ante quien el PRI le ponga en frente, porque a diferencia de enfrente, del lado del PRD ya hay candidato, y tiene experiencia y capacidad no solo para ganar <img loading=\"lazy\" decoding=\"async\" class=\"alignleft size-medium wp-image-1222488\" src=\"https:\/\/www.acapulco.press\/wp-content\/uploads\/2021\/03\/CATALAN-VICTOR-EVODIO2-375x281.jpg\" alt=\"\" width=\"375\" height=\"281\" \/>encuestas, sino para ganar la presidencia municipal el pr\u00f3ximo 6 de junio.<\/p>\n<p style=\"text-align: justify;\">\u00abDe este lado ya hay candidato, del otro a\u00fan todav\u00eda les falta. Las encuestas se est\u00e1n haciendo cada ocho d\u00edas, y tambi\u00e9n se tiene conocimiento c\u00f3mo vamos; \u00a1no nos van asustar con el &#8216;petate del muerto\u00b4, vamos no solo a ganar una encuesta, vamos a ganar la presidencia municipal de Acapulco; no hay duda de eso!, dijo el perredista al recibir el respaldo de todas las corrientes del PRD como su virtual candidato de unidad.<\/p>\n<p style=\"text-align: justify;\">Al hablar de la encuesta que definir\u00e1 la candidatura de la coalici\u00f3n PRD\/PRI o PRI\/PRD, Aguirre\u00a0 Alcaide hizo alusi\u00f3n a las declaraciones alternas realizadas por Ricardo Taja Ram\u00edrez, el m\u00e1s suerte aspirante del PRI que busca adjudicarse la candidatura de ambos partidos para buscar la alcald\u00eda de Acapulco.<\/p>\n<p style=\"text-align: justify;\">\u00ab\u00a1Estamos prepar\u00e1ndonos para servir a la gente!\u00bb, respondi\u00f3 el perredista. \u00abAqu\u00ed no es un tema de capricho, no es un tema de anhelos y sue\u00f1os, es un tema de propuesta, de plan, de estrategia, de partido, de equilibrios, de coaliciones, de alianza y de servir a la gente con profesionalismo y servicio p\u00fablicos\u00bb, subray\u00f3 Aguirre, firme y tajante.<\/p>\n<div style=\"width: 854px;\" class=\"wp-video\"><video class=\"wp-video-shortcode\" id=\"video-1222482-1\" width=\"854\" height=\"480\" preload=\"metadata\" controls=\"controls\"><source type=\"video\/mp4\" src=\"https:\/\/www.acapulco.press\/wp-content\/uploads\/2021\/03\/VICTOR-AGUIRRE-VS-TAJA.mp4?_=1\" \/><a href=\"https:\/\/www.acapulco.press\/wp-content\/uploads\/2021\/03\/VICTOR-AGUIRRE-VS-TAJA.mp4\">https:\/\/www.acapulco.press\/wp-content\/uploads\/2021\/03\/VICTOR-AGUIRRE-VS-TAJA.mp4<\/a><\/video><\/div>\n<p>&nbsp;<\/p>\n<p style=\"text-align: justify;\"><strong>ADHESI\u00d3N UN\u00c1NIME\u00a0<\/strong><\/p>\n<p style=\"text-align: justify;\">Tras de pronunciarse todas las corrientes internas del PRD a favor de V\u00edctor Aguirre Alcaide como propuesta para que sea el candidato de unidad para la b\u00fasqueda de la alcald\u00eda de Acapulco por la alianza PRI-PRD, el regidor con <img loading=\"lazy\" decoding=\"async\" class=\"alignleft size-medium wp-image-1222485\" src=\"https:\/\/www.acapulco.press\/wp-content\/uploads\/2021\/03\/VAA-UNIDAD3-375x250.jpg\" alt=\"\" width=\"375\" height=\"250\" \/>licencia sostuvo no tener ninguna duda de que en su proyecto \u00abno solo hay principios, no solo hay historia, no solo hay valores, sino tambi\u00e9n capacidad, experiencia, lealtad, apertura y di\u00e1logo permanentemente\u00bb.<\/p>\n<p style=\"text-align: justify;\">En su mensaje a la militancia de su partido y la sociedad acapulque\u00f1a, anunci\u00f3 que\u00a0 \u00abno voy a defraudar la confianza de mi partido, no voy a defraudar la confianza de la sociedad ni de la militancia; vamos a honrar el trabajo de la izquierda, vamos a honrar el trabajo de las mujeres, vamos a honrar el trabajo de todos los acapulque\u00f1os, porque Acapulco con la izquierda, con el PRD, con V\u00edctor Aguirre, tiene futuro\u00bb.<\/p>\n<p style=\"text-align: justify;\">\u00ab\u00a1Vamos a gobernar sirviendo a la gente; vamos a gobernar ayudando a la gente; vamos a gobernar haciendo las cosas de manera diferente, sin soberbia, sin prepotencia, siempre del lado de la gente, siempre del lado del pueblo, siempre del lado de la gente m\u00e1s necesitada!\u00bb, complement\u00f3.<\/p>\n<p style=\"text-align: justify;\">\u00abEsos son mis compromisos; esa es mi palabra, vamos a refrendar nuestro compromiso desde el m\u00e1s humilde servidor p\u00fablico hasta el m\u00e1s encumbrado empresario. Vamos a defender los derechos desde la ama de casa hasta una mujer encumbrada empoderada.\u00a0Vamos a defender los derechos desde el m\u00e1s sencillo campesino hasta el m\u00e1s alto funcionario y empresario y profesionista. \u00a1Voy a ser el presidente de todos, el presidente de la verdadera transformaci\u00f3n, y voy a ser el presidente de todas y todos los acapulque\u00f1os, construyendo minuto a minuto, segundo a segundo, paso por paso el futuro de Acapulco!\u00bb, sostuvo enf\u00e1tico.<\/p>\n<p style=\"text-align: justify;\"><strong>LA MEJOR PROPUESTA CONTUNDENTE E IDEOL\u00d3GICA<\/strong><\/p>\n<p style=\"text-align: justify;\">En el uso de la palabra, el presidente estatal del PRD, Alberto Catal\u00e1n Bastida, destac\u00f3 que \u00abV\u00edctor Rodr\u00edguez es la mejor propuesta contundente\u00bb del PRD para la Presidencia de Acapulco.<\/p>\n<p style=\"text-align: justify;\"><img loading=\"lazy\" decoding=\"async\" class=\"alignleft size-medium wp-image-1222484\" src=\"https:\/\/www.acapulco.press\/wp-content\/uploads\/2021\/03\/VAA-UNIDAD2-375x250.jpg\" alt=\"\" width=\"375\" height=\"250\" \/>Sobre la candidatura de Aguirre dijo que el PRD no busca un esquema de compensaci\u00f3n con el PRI, \u00abnosotros, con la frente en alto, estamos buscando un reconocimiento a nuestra fuerza de territorio, y Acapulco es una de los bastiones del PRD\u00bb, por eso \u00abestamos volcados en apoyar a Victor Aguirre\u00bb, refiri\u00f3.<\/p>\n<p style=\"text-align: justify;\">A Aguirre Alcaide vaticin\u00f3: \u00ab\u00a1Vamos a llevarte a la victoria, V\u00edctor!\u00bb, porque eres \u00abla mejor propuesta del PRD a la candidatura por la coalici\u00f3n PR\/PRI a la presidencia de Acapulco; \u00a1que no quede duda!\u00bb<\/p>\n<p style=\"text-align: justify;\">A su vez, el ex precandidato a la gubernatura de Guerrero, Jes\u00fas Evodio Vel\u00e1zquez, sostuvo que \u00abV\u00edctor tiene formaci\u00f3n ideol\u00f3gica fuerte, no es ning\u00fan improvisado; creci\u00f3 en el partido desde lo mas modesto hasta lo m\u00e1s encumbrado. Es un candidato serio, con experiencia y una gran voluntad; un hombre que se ha preparado para gobernar Acapulco sin ocurrencias\u00bb.<\/p>\n<p style=\"text-align: justify;\">\u00abEl trabajo habla por las personas, tu has avanzado muy bien: \u00a1El PRD cierra filas contigo\u00bb, suscribi\u00f3 Vel\u00e1zquez Aguirre, quien junto con Aguirre Alcaide fueron vitoriados por los asistentes, de forma un\u00e1nime.<br \/>\nwww<strong>.acapulcopress.<\/strong>com<\/p>\n<p style=\"text-align: justify;\">\n","protected":false},"excerpt":{"rendered":"<p>\u00bb \u00c1ngel Blanco ACAPULCO * 10 de marzo de 2021. ] Gobierno de Guerrero. V\u00edctor Aguirre Alcaide, virtual \u00abcandidato de unidad\u00bb del Partido de la Revoluci\u00f3n Democr\u00e1tica (PRD) para contender con el candidato que el PRI elija por la candidatura oficial de la coalici\u00f3n PRD\/PRI para la presidencia de Acapulco, dijo no sentirse preocupado por&#8230;<\/p>\n","protected":false},"author":2,"featured_media":1222487,"comment_status":"closed","ping_status":"closed","sticky":false,"template":"","format":"standard","meta":{"footnotes":""},"categories":[2024,2053,1972,18561],"tags":[3461,8273,14277,14304,14895,15606,17843],"class_list":["post-1222482","post","type-post","status-publish","format-standard","has-post-thumbnail","hentry","category-politica-activism","category-elecciones-special","category-special","category-society-politics","tag-alberto-catalan-bastida","tag-evodio-velazquez-aguirre","tag-partido-de-la-revolucion-democratica-prd","tag-partido-revolucionario-institucional-pri","tag-presidencia-de-acapulco","tag-ricardo-taja-ramirez","tag-victor-aguirre-alcaide"],"_links":{"self":[{"href":"https:\/\/www.acapulcopress.com\/index.php\/wp-json\/wp\/v2\/posts\/1222482","targetHints":{"allow":["GET"]}}],"collection":[{"href":"https:\/\/www.acapulcopress.com\/index.php\/wp-json\/wp\/v2\/posts"}],"about":[{"href":"https:\/\/www.acapulcopress.com\/index.php\/wp-json\/wp\/v2\/types\/post"}],"author":[{"embeddable":true,"href":"https:\/\/www.acapulcopress.com\/index.php\/wp-json\/wp\/v2\/users\/2"}],"replies":[{"embeddable":true,"href":"https:\/\/www.acapulcopress.com\/index.php\/wp-json\/wp\/v2\/comments?post=1222482"}],"version-history":[{"count":0,"href":"https:\/\/www.acapulcopress.com\/index.php\/wp-json\/wp\/v2\/posts\/1222482\/revisions"}],"wp:featuredmedia":[{"embeddable":true,"href":"https:\/\/www.acapulcopress.com\/index.php\/wp-json\/"}],"wp:attachment":[{"href":"https:\/\/www.acapulcopress.com\/index.php\/wp-json\/wp\/v2\/media?parent=1222482"}],"wp:term":[{"taxonomy":"category","embeddable":true,"href":"https:\/\/www.acapulcopress.com\/index.php\/wp-json\/wp\/v2\/categories?post=1222482"},{"taxonomy":"post_tag","embeddable":true,"href":"https:\/\/www.acapulcopress.com\/index.php\/wp-json\/wp\/v2\/tags?post=1222482"}],"curies":[{"name":"wp","href":"https:\/\/api.w.org\/{rel}","templated":true}]}}