{"id":1222498,"date":"2021-03-10T20:55:22","date_gmt":"2021-03-11T02:55:22","guid":{"rendered":"https:\/\/www.acapulcopress.com\/?p=1222498"},"modified":"2021-03-10T20:55:22","modified_gmt":"2021-03-11T02:55:22","slug":"ratifica-mario-moreno-compromiso-con-el-rescate-del-campo-guerrerense","status":"publish","type":"post","link":"https:\/\/www.acapulcopress.com\/index.php\/2021\/03\/10\/ratifica-mario-moreno-compromiso-con-el-rescate-del-campo-guerrerense\/","title":{"rendered":"Ratifica Mario Moreno compromiso con el rescate del campo guerrerense"},"content":{"rendered":"<p style=\"text-align: justify;\">COSTA GRANDE, Gro. * 10 de marzo de 2021.<br \/>\n<em>] Gobierno de Guerrero.<\/em><\/p>\n<p style=\"text-align: justify;\">El candidato a gobernador de la alianza PRI-PRD, Mario Moreno Arcos, recibi\u00f3 este mi\u00e9rcoles el respaldo de l\u00edderes e integrantes de Uni\u00f3n Nacional de Trabajadores Agr\u00edcolas (UNTA), cuya organizaci\u00f3n campesina tiene presencia en 52 municipios de Guerrero.<\/p>\n<p style=\"text-align: justify;\">Durante el encuentro efectuado en Chilpancingo, le informaron que en una asamblea general dirigentes nacionales y estatales decidieron respaldar su proyecto porque es el correcto y viable para el desarrollo del sector agropecuario.<\/p>\n<p style=\"text-align: justify;\">En su intervenci\u00f3n el candidato a gobernador, Mario Moreno les dijo que la alianza integrada por el PRI y el PRD sigue creciendo y que, con el apoyo de la UNTA, ganar\u00e1 los comicios del pr\u00f3ximo 6 de junio.<\/p>\n<p style=\"text-align: justify;\">Ah\u00ed, resalt\u00f3 su humildad, sencillez, cercan\u00eda con la gente y experiencia, que le ha permitido ganar 6 elecciones constitucionales, porque nunca le ha fallado ni enga\u00f1ado a los electores.<\/p>\n<p style=\"text-align: justify;\">Les mencion\u00f3 que va a apoyar decididamente a los campesinos. Uno de sus objetivos es que ya no siembren amapola, en el caso de la Sierra, sino aguacate, manzana, mamey y otros frutales que le den rentabilidad a su sistema productivo, as\u00ed como valor agregado.<\/p>\n<p style=\"text-align: justify;\">\u201cGuerrero se ha distinguido en el sector tur\u00edstico, es ah\u00ed donde se genera la mayor parte de la econom\u00eda del estado, dejando al campo marginado, y este a\u00f1o el problema se agravar\u00e1 porque no se ha destinado ning\u00fan recurso para proyectos productivos en el Presupuesto de Egresos de la Federaci\u00f3n y el fertilizante est\u00e1 llegando con retraso y de manera muy limitada a nuestras hermanas y hermanos campesinos\u201d indic\u00f3.<\/p>\n<p style=\"text-align: justify;\">En este sentido extern\u00f3 que el apoyo al campo ser\u00e1 una de las prioridades de su gobierno, para lo cual impulsar\u00e1 un presupuesto sin precedente con el prop\u00f3sito de tecnificarlo y volverlo m\u00e1s productivo.<\/p>\n<p style=\"text-align: justify;\">Por su parte, Pilar Campos Tapia, dirigente de la comisi\u00f3n estatal, precis\u00f3 que la UNTA siempre ha sido apartidista, pero que esta vez apoyar\u00e1n al candidato, a la persona. \u201cMario Moreno Arcos es humilde y de principios\u201d.<\/p>\n<p style=\"text-align: justify;\">Reconoci\u00f3 que se equivocaron al votar por un partido que hab\u00eda prometido un cambio y que \u00e9ste nunca lleg\u00f3.<\/p>\n<p style=\"text-align: justify;\">\u201cHace un momento en este Consejo Estatal de dirigentes de la UNTA hemos tomado la decisi\u00f3n de apoyar la candidatura de usted al gobierno del estado\u00bb.<\/p>\n<p style=\"text-align: justify;\">\u201cReconocimos que votamos por un gobierno diferente y hay que decirlo con franqueza porque una de las caracter\u00edsticas de esta organizaci\u00f3n es que siempre hablamos con la verdad, nos equivocamos\u201d, dijo.<\/p>\n<p style=\"text-align: justify;\">Luego el dirigente nacional de la UNTA, \u00c1lvaro L\u00f3pez R\u00edos, indic\u00f3 que \u201cellos no traen grilletes\u201d y que hab\u00edan tenido toda la libertad de decidir y apoyar la candidatura de la alianza PRI-PRD que encabeza Mario Moreno.<\/p>\n<p style=\"text-align: justify;\">Tambi\u00e9n convoc\u00f3 a los agremiados a la organizaci\u00f3n y a todos los guerrerenses a no creer en las encuestas, porque muchas veces son enga\u00f1osas. \u201cDijeron que iban a ganar en Coahuila e Hidalgo y no fue as\u00ed, todas las supuestas encuestas estaban a favor de Morena y perdi\u00f3 en esos estados\u201d, puntualiz\u00f3.<\/p>\n<p style=\"text-align: justify;\">A este encuentro con integrantes de la UNTA acudieron; el dirigente Marco Antonio Reyes Campos; Carlos Flores Rico, de la UNTA de Tamaulipas; Ventura Reyes Uri\u00f3stegui y Agripino Tecomalapa.<\/p>\n","protected":false},"excerpt":{"rendered":"<p>COSTA GRANDE, Gro. * 10 de marzo de 2021. ] Gobierno de Guerrero. El candidato a gobernador de la alianza PRI-PRD, Mario Moreno Arcos, recibi\u00f3 este mi\u00e9rcoles el respaldo de l\u00edderes e integrantes de Uni\u00f3n Nacional de Trabajadores Agr\u00edcolas (UNTA), cuya organizaci\u00f3n campesina tiene presencia en 52 municipios de Guerrero. Durante el encuentro efectuado en&#8230;<\/p>\n","protected":false},"author":2,"featured_media":1222501,"comment_status":"closed","ping_status":"closed","sticky":false,"template":"","format":"standard","meta":{"footnotes":""},"categories":[2024,2053,1972,18561],"tags":[12685,17600],"class_list":["post-1222498","post","type-post","status-publish","format-standard","has-post-thumbnail","hentry","category-politica-activism","category-elecciones-special","category-special","category-society-politics","tag-mario-moreno-arcos","tag-union-nacional-de-trabajadores-agricolas-unta"],"_links":{"self":[{"href":"https:\/\/www.acapulcopress.com\/index.php\/wp-json\/wp\/v2\/posts\/1222498","targetHints":{"allow":["GET"]}}],"collection":[{"href":"https:\/\/www.acapulcopress.com\/index.php\/wp-json\/wp\/v2\/posts"}],"about":[{"href":"https:\/\/www.acapulcopress.com\/index.php\/wp-json\/wp\/v2\/types\/post"}],"author":[{"embeddable":true,"href":"https:\/\/www.acapulcopress.com\/index.php\/wp-json\/wp\/v2\/users\/2"}],"replies":[{"embeddable":true,"href":"https:\/\/www.acapulcopress.com\/index.php\/wp-json\/wp\/v2\/comments?post=1222498"}],"version-history":[{"count":0,"href":"https:\/\/www.acapulcopress.com\/index.php\/wp-json\/wp\/v2\/posts\/1222498\/revisions"}],"wp:featuredmedia":[{"embeddable":true,"href":"https:\/\/www.acapulcopress.com\/index.php\/wp-json\/"}],"wp:attachment":[{"href":"https:\/\/www.acapulcopress.com\/index.php\/wp-json\/wp\/v2\/media?parent=1222498"}],"wp:term":[{"taxonomy":"category","embeddable":true,"href":"https:\/\/www.acapulcopress.com\/index.php\/wp-json\/wp\/v2\/categories?post=1222498"},{"taxonomy":"post_tag","embeddable":true,"href":"https:\/\/www.acapulcopress.com\/index.php\/wp-json\/wp\/v2\/tags?post=1222498"}],"curies":[{"name":"wp","href":"https:\/\/api.w.org\/{rel}","templated":true}]}}