{"id":1222526,"date":"2021-03-10T23:36:12","date_gmt":"2021-03-11T05:36:12","guid":{"rendered":"https:\/\/www.acapulcopress.com\/?p=1222526"},"modified":"2021-03-10T23:36:12","modified_gmt":"2021-03-11T05:36:12","slug":"compromiso-de-mi-gobierno-es-sacar-bien-la-proxima-eleccion-gobernador-astudillo","status":"publish","type":"post","link":"https:\/\/www.acapulcopress.com\/index.php\/2021\/03\/10\/compromiso-de-mi-gobierno-es-sacar-bien-la-proxima-eleccion-gobernador-astudillo\/","title":{"rendered":"Compromiso de mi gobierno es sacar bien la pr\u00f3xima elecci\u00f3n | Gobernador Astudillo"},"content":{"rendered":"<p style=\"text-align: justify;\">CHILPANCINGO * 10 de marzo de 2021.<br \/>\n<em>] Gobierno de Guerrero.<\/em><\/p>\n<p style=\"text-align: justify;\">En un trabajo de coordinaci\u00f3n interinstitucional para dar certeza y legalidad al proceso electoral, sin renunciar a su autonom\u00eda y responsabilidades, el gobernador H\u00e9ctor Astudillo Flores suscribi\u00f3 un convenio de apoyo y colaboraci\u00f3n con el presidente del INE, Lorenzo C\u00f3rdova Vianello, quien particip\u00f3 de manera virtual, junto con el el vocal Ejecutivo del INE en Guerrero, Dagoberto Santos Trigo, y el presidente del IEPC-Gro, Nazar\u00edn Vargas Armenta, mediante el cual las secretar\u00edas de Salud, Educaci\u00f3n, Seguridad P\u00fablica y Protecci\u00f3n Civil, participar\u00e1n con acciones espec\u00edficas y de acompa\u00f1amiento a quienes organizan la elecci\u00f3n en el estado.<\/p>\n<p style=\"text-align: justify;\">Acompa\u00f1ado del secretario general de Gobierno, Florencio Salazar Adame, y del secretario de Finanzas y Administraci\u00f3n, Tulio Samuel P\u00e9rez Calvo, el titular del Ejecutivo guerrerense reiter\u00f3 que su gobierno se basa en el respeto hacia el proceso electoral, independientemente del marco legal, sino moral, pues ha solicitado a sus funcionarios interesados en participar que renuncien a sus cargos.<\/p>\n<p style=\"text-align: justify;\">Tambi\u00e9n ha dejado muy claro la no utilizaci\u00f3n de bienes p\u00fablicos y de programas sociales para fines electorales; adem\u00e1s, se sum\u00f3 al Pacto Nacional por la Democracia al que convoc\u00f3 el presidente Andr\u00e9s Manuel L\u00f3pez Obrador.<br \/>\n\u00abPor eso, para nosotros firmar este convenio representa la ratificaci\u00f3n de nuestra absoluta voluntad para colaborar en este proceso, colaborar en temas de la Secretar\u00eda de Salud, de la SEG, de Protecci\u00f3n Civil, el tema de seguridad y por supuesto a todos los temas que conlleven a que el proceso electoral enlazado tanto federal como estatal salga muy bien\u00bb, apunt\u00f3.<\/p>\n<p style=\"text-align: justify;\">Asegur\u00f3 que todos los d\u00edas convocar\u00e1 a los representantes de los otros poderes y a las y los presidentes municipales a fortalecer la ruta de la colaboraci\u00f3n para que este proceso se desarrolle en paz.<\/p>\n<p style=\"text-align: justify;\">\u00abNosotros apostamos a que las cosas salgan bien. Ya hemos vivido en Guerrero etapas muy dif\u00edciles, se vivi\u00f3 en el 2015, cuando yo en aquel entonces fui candidato, que se lleg\u00f3 a decir incluso que era muy complicado hacer la elecci\u00f3n, se hizo la elecci\u00f3n y sali\u00f3 todo bien, en esa elecci\u00f3n en donde particip\u00f3 por primera ocasi\u00f3n conjuntamente lo Federal, con los Estatal se hizo la elecci\u00f3n en 2018 y sali\u00f3 todo bien y est\u00e1 tambi\u00e9n, la del pr\u00f3ximo 6 de junio del 2021, tambi\u00e9n tiene que salir bien\u00bb, agreg\u00f3.<\/p>\n<p style=\"text-align: justify;\">En su mensaje, el presidente del INE, Lorenzo C\u00f3rdova Vianello, apunt\u00f3 que la firma de este convenio expresa el compromiso de estas tres instancias con la vida democr\u00e1tica, sin renunciar a la autonom\u00eda ni a sus responsabilidades.<\/p>\n<p style=\"text-align: justify;\">Coment\u00f3 que a trav\u00e9s de este convenio se abrir\u00e1 la posibilidad de contar con centros de capacitaci\u00f3n electoral, la instalaci\u00f3n de casillas en instituciones educativas y otros sitios p\u00fablicos, el gobierno del estado ofrecer\u00e1 en el marco de sus atribuciones servicios de seguridad p\u00fablica en los traslados de la documentaci\u00f3n electoral, el auxilio que brindar\u00e1 Protecci\u00f3n Civil a funcionarios de casilla ante una eventual emergencia, las autoridades de salud ofrecer\u00e1n atenci\u00f3n a quienes tengan s\u00edntomas de Covid-19.<\/p>\n<p style=\"text-align: justify;\">\u00abEste es un componente fundamental en el convenio que hoy firmamos, ya que junto con el trabajo del INE e IEPC, contribuiremos a evitar que las elecciones sean una v\u00edctima m\u00e1s de la pandemia, esto no va a ocurrir y le agradecemos su disposici\u00f3n para combatir este problema de salud p\u00fablica\u00bb, a\u00f1adi\u00f3.<\/p>\n<p style=\"text-align: justify;\">Consider\u00f3 que con su participaci\u00f3n, las y los guerrerenses se est\u00e1n \u00abapropiando\u00bb de las elecciones y dijo que esas son grandes noticias, pues no puede haber democracia si no hay votos emitidos libremente.<\/p>\n<p style=\"text-align: justify;\">En Guerrero podr\u00e1n votar m\u00e1s de dos millones y medio de personas que elegir\u00e1n 796 representantes populares, inclu\u00eddo gobernador, 46 diputaciones locales, nueve diputaciones federales, 80 presidencias municipales, s\u00edndicos y regidores. Cabe se\u00f1alar que en el caso del municipio de Ayutla su elecci\u00f3n a su autoridad es a trav\u00e9s de usos y costumbres.<\/p>\n<p style=\"text-align: justify;\">\u00abEstoy seguro que como ha ocurrido en otras ocasiones, estos convenios ser\u00e1n un instrumento fundamental para que una vez m\u00e1s, en las elecciones en Guerrero, sean sus habitantes quienes decidan su futuro pol\u00edtico con seguridad\u00bb, enfatiz\u00f3.<\/p>\n<p style=\"text-align: justify;\">A su vez, el presidente del Instituto Electoral y de Participaci\u00f3n Cuidadana del Estado de Guerrero (IEPC -Guerrero) Nazar\u00edn Vargas Armenta indic\u00f3 que el presente proceso electoral es el m\u00e1s grande y desafiante en el pa\u00eds por el n\u00famero de cargos a elegir y por ser el m\u00e1s incluyente.<\/p>\n<p style=\"text-align: justify;\">Refiri\u00f3 que el convenio que se firm\u00f3 con el gobierno del estado es un esfuerzo interinstitucional, el cual incluye el apoyo para la habilitaci\u00f3n de espacios para los centros de capacitaci\u00f3n electoral e instalaci\u00f3n de mesas directivas de casilla a trav\u00e9s de la SEG, la seguridad y protecci\u00f3n de los materiales y la documentaci\u00f3n electoral a trav\u00e9s de la Secretar\u00eda de Seguridad P\u00fablica.<\/p>\n<p style=\"text-align: justify;\">La Protecci\u00f3n de la vida y la integridad f\u00edsica de los representantes de las mesas de casilla frente a emergencias o siniestros, estar\u00e1 a cargo de la Secretar\u00eda de Protecci\u00f3n Civil, la atenci\u00f3n a supervisores electorales y capacitadores que presenten s\u00edntomas de Covid-19, para la aplicaci\u00f3n de pruebas, ser\u00e1 a trav\u00e9s de la Secretar\u00eda de Salud.<br \/>\n\u00abEste respaldo resultar\u00e1 relevante y necesario para el desarrollo \u00f3ptimo del proceso electoral que tendr\u00e1 su punto m\u00e1ximo el 6 de junio\u00bb, se\u00f1al\u00f3 Vargas Armenta.<\/p>\n<p style=\"text-align: justify;\">En su intervenci\u00f3n, el vocal Ejecutivo de la Junta Local del INE en Guerrero, Dagoberto Santos Trigo manifest\u00f3 que para este \u00f3rgano representa una satisfacci\u00f3n y orgullo haber suscrito este convenio de cooperaci\u00f3n con el gobierno del estado, ya que es un esfuerzo l\u00edcito en beneficio de la democracia.<\/p>\n<p style=\"text-align: justify;\">Agradeci\u00f3 al gobernador H\u00e9ctor Astudillo Flores por su inter\u00e9s, preocupaci\u00f3n y colaboraci\u00f3n para fomentar la uni\u00f3n de voluntades en torno a un bien com\u00fan y por el respeto que ha manifestado a la autonom\u00eda del INE.<\/p>\n","protected":false},"excerpt":{"rendered":"<p>CHILPANCINGO * 10 de marzo de 2021. ] Gobierno de Guerrero. En un trabajo de coordinaci\u00f3n interinstitucional para dar certeza y legalidad al proceso electoral, sin renunciar a su autonom\u00eda y responsabilidades, el gobernador H\u00e9ctor Astudillo Flores suscribi\u00f3 un convenio de apoyo y colaboraci\u00f3n con el presidente del INE, Lorenzo C\u00f3rdova Vianello, quien particip\u00f3 de&#8230;<\/p>\n","protected":false},"author":2,"featured_media":1222527,"comment_status":"closed","ping_status":"closed","sticky":false,"template":"","format":"standard","meta":{"footnotes":""},"categories":[2024,2053,1972,18561],"tags":[6887,8732,10133,10260,12058,13586,14158],"class_list":["post-1222526","post","type-post","status-publish","format-standard","has-post-thumbnail","hentry","category-politica-activism","category-elecciones-special","category-special","category-society-politics","tag-dagoberto-santos-trigo","tag-florencio-salazar-adame","tag-ine","tag-instituto-electoral-y-de-participacion-ciudadana-del-estado-de-guerrero-iepcgro","tag-lorenzo-cordova-vianello","tag-nazarin-vargas-armenta","tag-pacto-nacional-por-la-democracia"],"_links":{"self":[{"href":"https:\/\/www.acapulcopress.com\/index.php\/wp-json\/wp\/v2\/posts\/1222526","targetHints":{"allow":["GET"]}}],"collection":[{"href":"https:\/\/www.acapulcopress.com\/index.php\/wp-json\/wp\/v2\/posts"}],"about":[{"href":"https:\/\/www.acapulcopress.com\/index.php\/wp-json\/wp\/v2\/types\/post"}],"author":[{"embeddable":true,"href":"https:\/\/www.acapulcopress.com\/index.php\/wp-json\/wp\/v2\/users\/2"}],"replies":[{"embeddable":true,"href":"https:\/\/www.acapulcopress.com\/index.php\/wp-json\/wp\/v2\/comments?post=1222526"}],"version-history":[{"count":0,"href":"https:\/\/www.acapulcopress.com\/index.php\/wp-json\/wp\/v2\/posts\/1222526\/revisions"}],"wp:featuredmedia":[{"embeddable":true,"href":"https:\/\/www.acapulcopress.com\/index.php\/wp-json\/"}],"wp:attachment":[{"href":"https:\/\/www.acapulcopress.com\/index.php\/wp-json\/wp\/v2\/media?parent=1222526"}],"wp:term":[{"taxonomy":"category","embeddable":true,"href":"https:\/\/www.acapulcopress.com\/index.php\/wp-json\/wp\/v2\/categories?post=1222526"},{"taxonomy":"post_tag","embeddable":true,"href":"https:\/\/www.acapulcopress.com\/index.php\/wp-json\/wp\/v2\/tags?post=1222526"}],"curies":[{"name":"wp","href":"https:\/\/api.w.org\/{rel}","templated":true}]}}