{"id":1222542,"date":"2021-03-11T11:41:31","date_gmt":"2021-03-11T17:41:31","guid":{"rendered":"https:\/\/www.acapulcopress.com\/?p=1222542"},"modified":"2021-03-11T11:41:31","modified_gmt":"2021-03-11T17:41:31","slug":"fge-obtiene-prision-de-13-anos-contra-cinco-homicidas-de-la-celula-delictiva-del-bolillo","status":"publish","type":"post","link":"https:\/\/www.acapulcopress.com\/index.php\/2021\/03\/11\/fge-obtiene-prision-de-13-anos-contra-cinco-homicidas-de-la-celula-delictiva-del-bolillo\/","title":{"rendered":"FGE obtiene prisi\u00f3n de 13 a\u00f1os contra cinco homicidas de la c\u00e9lula delictiva del \u00abBolillo\u00bb"},"content":{"rendered":"<p style=\"text-align: justify;\">CHILPANCINGO. * 11 de marzo de 2021.<br \/>\n<em>] <a href=\"https:\/\/fiscaliaguerrero.gob.mx\" target=\"_blank\" rel=\"noopener\">https:\/\/fiscaliaguerrero.gob.mx<\/a>.<\/em><\/p>\n<p style=\"text-align: justify;\">La Fiscal\u00eda General del Estado logr\u00f3 la sentencia condenatoria de 13 a\u00f1os de prisi\u00f3n en contra de Israel \u00abN\u00bb, Fernando \u00abN\u00bb, Erick \u00abN\u00bb, Carlos \u00abN\u00bb y Jes\u00fas \u00abN\u00bb, como responsables en la comisi\u00f3n del delito de Homicidio Calificado, a qui\u00e9nes se les identifica como integrantes de la c\u00e9lula delictiva del \u00abBolillo\u00bb, que opera en la colonia Alta Cuauht\u00e9moc y Bella Vista de Acapulco.<\/p>\n<p style=\"text-align: justify;\">El Ministerio P\u00fablico acredit\u00f3 la participaci\u00f3n de los sentenciados en los hechos registrados el d\u00eda 25 de diciembre de 2019, cuando la v\u00edctima se encontraba en su domicilio y llegaron los imputados con armas de fuego qui\u00e9nes privaron de la vida a Jorge \u00abN\u00bb.<\/p>\n<p style=\"text-align: justify;\">En audiencia, el Juez de Control dict\u00f3 sentencia condenatoria en contra de los acusados, imponiendo la penalidad de 13 a\u00f1os y 8 meses de prisi\u00f3n, quedando internos en el Centro de Reinserci\u00f3n Social de Acapulco.<\/p>\n<p style=\"text-align: justify;\">La Fiscal\u00eda General del Estado, continuar\u00e1 el trabajo permanente en materia de procuraci\u00f3n de justicia con el prop\u00f3sito de mantener la incidencia delictiva a la baja como se ha registrado en los \u00faltimos a\u00f1os en Guerrero.<\/p>\n<p style=\"text-align: justify;\">POR VIOLENCIA FAMILIAR VINCULAN A PROCESO A DOS INDIVIDUOS<\/p>\n<p style=\"text-align: justify;\">La Fiscal\u00eda General del Estado a trav\u00e9s del Ministerio P\u00fablico obtuvo vinculaci\u00f3n a proceso en contra de Benito \u00abN\u00bb, Yonisel \u00abN\u00bb y Jorge Alejandro \u00abN\u00bb, como probables responsables del delito de Violencia Familiar en Zihuatanejo y Atoyac de \u00c1lvarez respectivamente.<\/p>\n<p style=\"text-align: justify;\">En la carpeta judicial C-42\/2021 el imputado Benito \u00abN\u00bb es acusado de golpear en diferentes partes del cuerpo a la v\u00edctima, el d\u00eda 7 de marzo de 2021, quedando detenido por elementos de la Polic\u00eda Municipal de Zihuatanejo.<\/p>\n<p style=\"text-align: justify;\">Por su parte, Yonisel \u00abN\u00bb es se\u00f1alado en la carpeta C-52\/2020 de agredir f\u00edsica y verbalmente a la agraviada, mientras le revisaba el tel\u00e9fono m\u00f3vil, hechos presentados en la ciudad de Zihuatanejo.<\/p>\n<p style=\"text-align: justify;\">Mientras tanto, en el municipio de Atoyac, fue detenido en la colonia Lomas del Sur Jorge Alejandro \u00abN\u00bb por causarle lesiones a la v\u00edctima con objeto contundente y agredirla verbalmente, carpeta judicial C-84\/2020.<\/p>\n<p style=\"text-align: justify;\">En audiencia, los imputados fueron vinculados a proceso por el delito de Violencia Familiar, otorgando el Juez de Control un tiempo determinado a cada uno para la investigaci\u00f3n complementaria, quedando internos en el Centro de Reinserci\u00f3n Social bajo la medida cautelar de prisi\u00f3n preventiva.<\/p>\n","protected":false},"excerpt":{"rendered":"<p>CHILPANCINGO. * 11 de marzo de 2021. ] https:\/\/fiscaliaguerrero.gob.mx. La Fiscal\u00eda General del Estado logr\u00f3 la sentencia condenatoria de 13 a\u00f1os de prisi\u00f3n en contra de Israel \u00abN\u00bb, Fernando \u00abN\u00bb, Erick \u00abN\u00bb, Carlos \u00abN\u00bb y Jes\u00fas \u00abN\u00bb, como responsables en la comisi\u00f3n del delito de Homicidio Calificado, a qui\u00e9nes se les identifica como integrantes de&#8230;<\/p>\n","protected":false},"author":2,"featured_media":1222543,"comment_status":"closed","ping_status":"closed","sticky":false,"template":"","format":"standard","meta":{"footnotes":""},"categories":[18561,2005],"tags":[5535,8682,10946,14737],"class_list":["post-1222542","post","type-post","status-publish","format-standard","has-post-thumbnail","hentry","category-society-politics","category-seguridad-y-justicia","tag-centro-de-reinsercion-social-de-acapulco","tag-fiscalia-general-de-guerrero-fge","tag-jorge-zuriel-de-los-santos-barrila","tag-policia-ministerial-de-guerrero"],"_links":{"self":[{"href":"https:\/\/www.acapulcopress.com\/index.php\/wp-json\/wp\/v2\/posts\/1222542","targetHints":{"allow":["GET"]}}],"collection":[{"href":"https:\/\/www.acapulcopress.com\/index.php\/wp-json\/wp\/v2\/posts"}],"about":[{"href":"https:\/\/www.acapulcopress.com\/index.php\/wp-json\/wp\/v2\/types\/post"}],"author":[{"embeddable":true,"href":"https:\/\/www.acapulcopress.com\/index.php\/wp-json\/wp\/v2\/users\/2"}],"replies":[{"embeddable":true,"href":"https:\/\/www.acapulcopress.com\/index.php\/wp-json\/wp\/v2\/comments?post=1222542"}],"version-history":[{"count":0,"href":"https:\/\/www.acapulcopress.com\/index.php\/wp-json\/wp\/v2\/posts\/1222542\/revisions"}],"wp:featuredmedia":[{"embeddable":true,"href":"https:\/\/www.acapulcopress.com\/index.php\/wp-json\/"}],"wp:attachment":[{"href":"https:\/\/www.acapulcopress.com\/index.php\/wp-json\/wp\/v2\/media?parent=1222542"}],"wp:term":[{"taxonomy":"category","embeddable":true,"href":"https:\/\/www.acapulcopress.com\/index.php\/wp-json\/wp\/v2\/categories?post=1222542"},{"taxonomy":"post_tag","embeddable":true,"href":"https:\/\/www.acapulcopress.com\/index.php\/wp-json\/wp\/v2\/tags?post=1222542"}],"curies":[{"name":"wp","href":"https:\/\/api.w.org\/{rel}","templated":true}]}}