{"id":1222569,"date":"2021-03-11T18:24:48","date_gmt":"2021-03-12T00:24:48","guid":{"rendered":"https:\/\/www.acapulcopress.com\/?p=1222569"},"modified":"2021-03-11T18:24:48","modified_gmt":"2021-03-12T00:24:48","slug":"invita-uagro-a-ciclo-de-conferencias-alusivas-al-dia-mundial-del-agua","status":"publish","type":"post","link":"https:\/\/www.acapulcopress.com\/index.php\/2021\/03\/11\/invita-uagro-a-ciclo-de-conferencias-alusivas-al-dia-mundial-del-agua\/","title":{"rendered":"Invita UAGro a ciclo de conferencias alusivas al \u00abD\u00eda Mundial del Agua\u00bb"},"content":{"rendered":"<p>CHILPANCINGO * 11 de marzo de 2021.<br \/>\n] UAGro.<\/p>\n<p style=\"text-align: justify;\">El pr\u00f3ximo 22 de marzo se conmemora el D\u00eda Mundial del Agua, motivo por el que el Rector Javier Salda\u00f1a invita a estudiantes, egresados, docentes y p\u00fablico en general a presenciar el 1er Ciclo de Conferencias \u00abCalidad y Gesti\u00f3n Socioambiental del Agua\u00bb.<\/p>\n<p>] <strong>Enlace de registro:<\/strong> <a href=\"https:\/\/forms.gle\/pTGNDns14rEhusgf6\" target=\"_blank\" rel=\"noopener\"><em>https:\/\/forms.gle\/pTGNDns14rEhusgf6.<\/em><\/a><\/p>\n","protected":false},"excerpt":{"rendered":"<p>CHILPANCINGO * 11 de marzo de 2021. ] UAGro. El pr\u00f3ximo 22 de marzo se conmemora el D\u00eda Mundial del Agua, motivo por el que el Rector Javier Salda\u00f1a invita a estudiantes, egresados, docentes y p\u00fablico en general a presenciar el 1er Ciclo de Conferencias \u00abCalidad y Gesti\u00f3n Socioambiental del Agua\u00bb. ] Enlace de registro:&#8230;<\/p>\n","protected":false},"author":2,"featured_media":1222570,"comment_status":"closed","ping_status":"closed","sticky":false,"template":"","format":"standard","meta":{"footnotes":""},"categories":[18561,2016],"tags":[6050,6503,6705,7239,10644,11644,17463,17610],"class_list":["post-1222569","post","type-post","status-publish","format-standard","has-post-thumbnail","hentry","category-society-politics","category-uagro-society-politics","tag-comedor-universitario-uagro","tag-consejo-para-la-acreditacion-de-la-educacion-superior-copaes","tag-covid19","tag-dia-mundial-del-agua","tag-javier-saldana-almazan","tag-laboratorio-de-diagnostico-e-investigacion-de-salud-labdis","tag-uagro","tag-universidad-autonoma-de-guerrero-uagro"],"_links":{"self":[{"href":"https:\/\/www.acapulcopress.com\/index.php\/wp-json\/wp\/v2\/posts\/1222569","targetHints":{"allow":["GET"]}}],"collection":[{"href":"https:\/\/www.acapulcopress.com\/index.php\/wp-json\/wp\/v2\/posts"}],"about":[{"href":"https:\/\/www.acapulcopress.com\/index.php\/wp-json\/wp\/v2\/types\/post"}],"author":[{"embeddable":true,"href":"https:\/\/www.acapulcopress.com\/index.php\/wp-json\/wp\/v2\/users\/2"}],"replies":[{"embeddable":true,"href":"https:\/\/www.acapulcopress.com\/index.php\/wp-json\/wp\/v2\/comments?post=1222569"}],"version-history":[{"count":0,"href":"https:\/\/www.acapulcopress.com\/index.php\/wp-json\/wp\/v2\/posts\/1222569\/revisions"}],"wp:featuredmedia":[{"embeddable":true,"href":"https:\/\/www.acapulcopress.com\/index.php\/wp-json\/"}],"wp:attachment":[{"href":"https:\/\/www.acapulcopress.com\/index.php\/wp-json\/wp\/v2\/media?parent=1222569"}],"wp:term":[{"taxonomy":"category","embeddable":true,"href":"https:\/\/www.acapulcopress.com\/index.php\/wp-json\/wp\/v2\/categories?post=1222569"},{"taxonomy":"post_tag","embeddable":true,"href":"https:\/\/www.acapulcopress.com\/index.php\/wp-json\/wp\/v2\/tags?post=1222569"}],"curies":[{"name":"wp","href":"https:\/\/api.w.org\/{rel}","templated":true}]}}