{"id":1222575,"date":"2021-03-11T11:06:23","date_gmt":"2021-03-11T17:06:23","guid":{"rendered":"https:\/\/www.acapulcopress.com\/?p=1222575"},"modified":"2021-03-11T11:06:23","modified_gmt":"2021-03-11T17:06:23","slug":"vamos-a-gobernar-de-manera-conjunta-dice-victor-aguirre-a-mujeres-de-acapulco","status":"publish","type":"post","link":"https:\/\/www.acapulcopress.com\/index.php\/2021\/03\/11\/vamos-a-gobernar-de-manera-conjunta-dice-victor-aguirre-a-mujeres-de-acapulco\/","title":{"rendered":"\u00abVamos a gobernar de manera conjunta\u00bb, dice V\u00edctor Aguirre a mujeres de Acapulco"},"content":{"rendered":"<p style=\"text-align: justify;\">ACAPULCO * 11 de marzo de 2021.<br \/>\n<em>] Comunicaci\u00f3n #VAA.<\/em><\/p>\n<p style=\"text-align: justify;\">V\u00edctor Aguirre Alcaide, asegur\u00f3 que el PRD lograr\u00e1 el triunfo en la elecci\u00f3n con las mujeres, logrando la <img loading=\"lazy\" decoding=\"async\" class=\"alignleft size-medium wp-image-1222577\" src=\"https:\/\/www.acapulco.press\/wp-content\/uploads\/2021\/03\/AGUIRRE-MUJERES-375x250.jpg\" alt=\"\" width=\"375\" height=\"250\" \/>consolidaci\u00f3n del desarrollo y progreso, por el mejoramiento de Acapulco, Guerrero y M\u00e9xico.<\/p>\n<p style=\"text-align: justify;\">Durante una reuni\u00f3n de estructura del Sol Azteca con militancia y sociedad acapulque\u00f1a, realizado en la cancha de la Crom y Colonia Progreso, V\u00edctor Aguirre afirm\u00f3 que las mujeres han demostrado resultados y empoderamiento en todos los \u00e1mbitos, sobre todo en la administraci\u00f3n p\u00fablica y pol\u00edtica.<\/p>\n<p style=\"text-align: justify;\">\u00abCon las mujeres de Acapulco y Guerrero, vamos a ganar la pr\u00f3xima elecci\u00f3n, al demostrar compromiso en todos los <img loading=\"lazy\" decoding=\"async\" class=\"alignleft size-medium wp-image-1222578\" src=\"https:\/\/www.acapulco.press\/wp-content\/uploads\/2021\/03\/AGUIRRE-MUJERES3-375x250.jpg\" alt=\"\" width=\"375\" height=\"250\" \/>\u00e1mbitos, por ello los pr\u00f3ximos gobiernos deber\u00e1n ser conformado por mujeres\u00bb, enfatiz\u00f3.<\/p>\n<p style=\"text-align: justify;\">En un ambiente de fiesta, emoci\u00f3n, \u00e1nimos y porras, V\u00edctor Aguirre dijo que acompa\u00f1ara a las mujeres, ni\u00f1os y ni\u00f1as de Acapulco, as\u00ed como de los j\u00f3venes, quienes han encendido una luz de esperanza.<\/p>\n<p style=\"text-align: justify;\">\u00abMujeres y j\u00f3venes cuentan conmigo y yo cuento con ustedes. Vamos a gobernar de manera conjunta, demostrar que somos de resultados en beneficio de la sociedad acapulque\u00f1a\u00bb, enfatiz\u00f3.<\/p>\n<p style=\"text-align: justify;\"><img loading=\"lazy\" decoding=\"async\" class=\"alignleft size-medium wp-image-1222580\" src=\"https:\/\/www.acapulco.press\/wp-content\/uploads\/2021\/03\/AGUIRRE-MUJERES5-375x250.jpg\" alt=\"\" width=\"375\" height=\"250\" \/>V\u00edctor Aguirre asegur\u00f3 que Acapulco merece desarrollo y progreso, por ello encabezar\u00e1 un futuro para el puerto tur\u00edstico, con m\u00e1s oportunidades, di\u00e1logo y apoyos sociales.<\/p>\n<p style=\"text-align: justify;\">\u00abHoy aqu\u00ed estamos, por un Acapulco con Futuro, eso merece los acapulque\u00f1os, con dotar agua potable, seguridad, pavimentaci\u00f3n en las calles, alumbrado y servicios p\u00fablicos\u00bb, afirm\u00f3.<\/p>\n<p style=\"text-align: justify;\">V\u00edctor Aguirre sostuvo que de llegar a la presidencia de Acapulco no dudar\u00e1 en promover el desarrollo y el progreso en el puerto tur\u00edstico.<\/p>\n<p style=\"text-align: justify;\">V\u00edctor Aguirre estuvo acompa\u00f1ado con Evodio Vel\u00e1zquez Aguirre, la candidata de la alianza PRD-PRI a diputada del 04 local, Edilma Galeana, la aspirante a diputada federal del 04 federal de la alianza PRD-PRI, Sheyla Soto, la regidora del PRD de Acapulco, Gereli Astudillo Ibarrondo, el presidente del PRD en Acapulco, Bulmaro Cabrera otras personalidades del PRD, empresariales, sociedad civil y en general.<\/p>\n<p><img loading=\"lazy\" decoding=\"async\" class=\"alignnone wp-image-1222576 size-large\" src=\"https:\/\/www.acapulco.press\/wp-content\/uploads\/2021\/03\/AGUIRRE-MUJERES-2-840x561.jpg\" alt=\"\" width=\"840\" height=\"561\" \/><\/p>\n","protected":false},"excerpt":{"rendered":"<p>ACAPULCO * 11 de marzo de 2021. ] Comunicaci\u00f3n #VAA. V\u00edctor Aguirre Alcaide, asegur\u00f3 que el PRD lograr\u00e1 el triunfo en la elecci\u00f3n con las mujeres, logrando la consolidaci\u00f3n del desarrollo y progreso, por el mejoramiento de Acapulco, Guerrero y M\u00e9xico. Durante una reuni\u00f3n de estructura del Sol Azteca con militancia y sociedad acapulque\u00f1a, realizado&#8230;<\/p>\n","protected":false},"author":2,"featured_media":1222579,"comment_status":"closed","ping_status":"closed","sticky":false,"template":"","format":"standard","meta":{"footnotes":""},"categories":[2024,18561],"tags":[3159,9307,14804,17843],"class_list":["post-1222575","post","type-post","status-publish","format-standard","has-post-thumbnail","hentry","category-politica-activism","category-society-politics","tag-acapulco-2021","tag-gobierno-de-la-gente","tag-prd","tag-victor-aguirre-alcaide"],"_links":{"self":[{"href":"https:\/\/www.acapulcopress.com\/index.php\/wp-json\/wp\/v2\/posts\/1222575","targetHints":{"allow":["GET"]}}],"collection":[{"href":"https:\/\/www.acapulcopress.com\/index.php\/wp-json\/wp\/v2\/posts"}],"about":[{"href":"https:\/\/www.acapulcopress.com\/index.php\/wp-json\/wp\/v2\/types\/post"}],"author":[{"embeddable":true,"href":"https:\/\/www.acapulcopress.com\/index.php\/wp-json\/wp\/v2\/users\/2"}],"replies":[{"embeddable":true,"href":"https:\/\/www.acapulcopress.com\/index.php\/wp-json\/wp\/v2\/comments?post=1222575"}],"version-history":[{"count":0,"href":"https:\/\/www.acapulcopress.com\/index.php\/wp-json\/wp\/v2\/posts\/1222575\/revisions"}],"wp:featuredmedia":[{"embeddable":true,"href":"https:\/\/www.acapulcopress.com\/index.php\/wp-json\/"}],"wp:attachment":[{"href":"https:\/\/www.acapulcopress.com\/index.php\/wp-json\/wp\/v2\/media?parent=1222575"}],"wp:term":[{"taxonomy":"category","embeddable":true,"href":"https:\/\/www.acapulcopress.com\/index.php\/wp-json\/wp\/v2\/categories?post=1222575"},{"taxonomy":"post_tag","embeddable":true,"href":"https:\/\/www.acapulcopress.com\/index.php\/wp-json\/wp\/v2\/tags?post=1222575"}],"curies":[{"name":"wp","href":"https:\/\/api.w.org\/{rel}","templated":true}]}}