{"id":1222586,"date":"2021-03-12T12:53:31","date_gmt":"2021-03-12T18:53:31","guid":{"rendered":"https:\/\/www.acapulcopress.com\/?p=1222586"},"modified":"2021-03-12T12:53:31","modified_gmt":"2021-03-12T18:53:31","slug":"con-the-human-voice-almodovar-regresa-a-la-femineidad-al-lado-de-su-musa-penelopez-cruz","status":"publish","type":"post","link":"https:\/\/www.acapulcopress.com\/index.php\/2021\/03\/12\/con-the-human-voice-almodovar-regresa-a-la-femineidad-al-lado-de-su-musa-penelopez-cruz\/","title":{"rendered":"Con \u00abThe Human Voice\u00bb, Almod\u00f3var regresa a la femineidad al lado de su musa Pen\u00e9lopez Cruz"},"content":{"rendered":"<p style=\"text-align: justify;\">NUEVA YORK * 12 de marzo de 2021.<br \/>\n<em>] <a href=\"https:\/\/apnews.com\/article\/noticias-4ff739b565097c200c4ae57d310ffdae\" target=\"_blank\" rel=\"noopener\">AP<\/a>.<\/em><\/p>\n<p style=\"text-align: justify;\">Pedro Almod\u00f3var expuso toda su vulnerabilidad en la pel\u00edcula semiautobiogr\u00e1fica \u201cDolor y gloria\u201d. Ahora regresa a la femineidad no s\u00f3lo con el cortometraje aspirante al Oscar \u201cThe Human Voice\u201d (\u201cLa voz humana\u201d), que llega esta semana a Estados Unidos, sino con una pr\u00f3xima producci\u00f3n que lo re\u00fane con su musa Pen\u00e9lope Cruz.<\/p>\n<p style=\"text-align: justify;\">\u201cMadres paralelas\u201d comenzar\u00e1 a rodarse el 21 de marzo en Madrid \u201csi el virus no se entromete\u201d, revel\u00f3 el maestro manchego del cine, quien aprovech\u00f3 el confinamiento para escribir un nuevo guion al ver frustrados sus planes de filmar el a\u00f1o pasado por primera vez en Estados Unidos debido a la pandemia.<\/p>\n<p style=\"text-align: justify;\">\u201cVuelvo al universo femenino y a la maternidad tambi\u00e9n, que es un tema que siempre me ha apasionado. Pero en este caso la maternidad, las madres que aparecen, son muy distintas de las que ha interpretado antes Pen\u00e9lope\u201d, dijo Almod\u00f3var a The Associated Press v\u00eda Zoom desde Madrid.<\/p>\n<p style=\"text-align: justify;\">\u201cSon madres digamos muy imperfectas, y es la parte casi que como autor m\u00e1s me ha interesado, sobre todo porque madres abnegadas y heroicas ya he hecho varias. Y va un poco sobre la decendencia, sobre los hijos, pero tambi\u00e9n sobre los ancestros y bueno pues, sobre la familia\u201d, agreg\u00f3.<\/p>\n<p style=\"text-align: justify;\">Y eso no es todo lo que tiene entre manos.<\/p>\n<p style=\"text-align: justify;\">Tras haber filmado su primera producci\u00f3n en ingl\u00e9s con Tilda Swinton \u2014 una adaptaci\u00f3n de la obra teatral \u201cLa voz humana\u201d de Jean Cocteau sobre una mujer desesperada tras el abandono de su pareja \u2014 planea aventurarse con otro corto en ingl\u00e9s y en un g\u00e9nero que a\u00fan no ha explorado: el western.<\/p>\n<p style=\"text-align: justify;\">Y es que la experiencia de hacer un cortometraje \u201cha sido muy refrescante para m\u00ed\u201d, expres\u00f3 Almod\u00f3var, cuyo \u00faltimo corto hab\u00eda sido \u201cLa concejala antrop\u00f3faga\u201d de 2009.<\/p>\n<p style=\"text-align: justify;\">\u201cHe recuperado un poco esa sensaci\u00f3n l\u00fadica que para m\u00ed era el rodaje de las primeras \u00e9pocas, de las primeras pel\u00edculas, porque me he permitido m\u00e1s libertades de las que \u00faltimamente he podido permitirme\u201d, dijo.<\/p>\n<p style=\"text-align: justify;\">\u201cThe Human Voice\u201d se estrena el viernes en el norte de California, Miami y Chicago antes de llegar a otros mercados de la naci\u00f3n. El 2 de abril, arribar\u00eda al Film Forum de Nueva York.<\/p>\n<p style=\"text-align: justify;\">El cineasta de 71 a\u00f1os, quien tuvo COVID justo antes de que la cuarentena comenzara en Espa\u00f1a hace un a\u00f1o, convers\u00f3 con AP sobre el confinamiento de la protagonista en \u201cThe Human Voice\u201d y las libertades t\u00e9cnicas que se tom\u00f3, adem\u00e1s del papel del streaming en la pandemia y su deseo de trabajar con la estrella de \u201cThe Queen\u2019s Gambit\u201d (\u201cGambito de dama\u201d) Anya Taylor-Joy.<\/p>\n","protected":false},"excerpt":{"rendered":"<p>NUEVA YORK * 12 de marzo de 2021. ] AP. Pedro Almod\u00f3var expuso toda su vulnerabilidad en la pel\u00edcula semiautobiogr\u00e1fica \u201cDolor y gloria\u201d. Ahora regresa a la femineidad no s\u00f3lo con el cortometraje aspirante al Oscar \u201cThe Human Voice\u201d (\u201cLa voz humana\u201d), que llega esta semana a Estados Unidos, sino con una pr\u00f3xima producci\u00f3n que&#8230;<\/p>\n","protected":false},"author":2,"featured_media":1222587,"comment_status":"closed","ping_status":"closed","sticky":false,"template":"","format":"standard","meta":{"footnotes":""},"categories":[2054,18563,1972,1988],"tags":[],"class_list":["post-1222586","post","type-post","status-publish","format-standard","has-post-thumbnail","hentry","category-entertainment","category-entretenimiento","category-special","category-lifestyles"],"_links":{"self":[{"href":"https:\/\/www.acapulcopress.com\/index.php\/wp-json\/wp\/v2\/posts\/1222586","targetHints":{"allow":["GET"]}}],"collection":[{"href":"https:\/\/www.acapulcopress.com\/index.php\/wp-json\/wp\/v2\/posts"}],"about":[{"href":"https:\/\/www.acapulcopress.com\/index.php\/wp-json\/wp\/v2\/types\/post"}],"author":[{"embeddable":true,"href":"https:\/\/www.acapulcopress.com\/index.php\/wp-json\/wp\/v2\/users\/2"}],"replies":[{"embeddable":true,"href":"https:\/\/www.acapulcopress.com\/index.php\/wp-json\/wp\/v2\/comments?post=1222586"}],"version-history":[{"count":0,"href":"https:\/\/www.acapulcopress.com\/index.php\/wp-json\/wp\/v2\/posts\/1222586\/revisions"}],"wp:featuredmedia":[{"embeddable":true,"href":"https:\/\/www.acapulcopress.com\/index.php\/wp-json\/"}],"wp:attachment":[{"href":"https:\/\/www.acapulcopress.com\/index.php\/wp-json\/wp\/v2\/media?parent=1222586"}],"wp:term":[{"taxonomy":"category","embeddable":true,"href":"https:\/\/www.acapulcopress.com\/index.php\/wp-json\/wp\/v2\/categories?post=1222586"},{"taxonomy":"post_tag","embeddable":true,"href":"https:\/\/www.acapulcopress.com\/index.php\/wp-json\/wp\/v2\/tags?post=1222586"}],"curies":[{"name":"wp","href":"https:\/\/api.w.org\/{rel}","templated":true}]}}