{"id":1222598,"date":"2021-03-12T13:32:00","date_gmt":"2021-03-12T19:32:00","guid":{"rendered":"https:\/\/www.acapulcopress.com\/?p=1222598"},"modified":"2021-03-12T13:32:00","modified_gmt":"2021-03-12T19:32:00","slug":"fallece-lou-ottens-inventor-del-casete-de-audio","status":"publish","type":"post","link":"https:\/\/www.acapulcopress.com\/index.php\/2021\/03\/12\/fallece-lou-ottens-inventor-del-casete-de-audio\/","title":{"rendered":"Fallece Lou Ottens, inventor del casete de audio"},"content":{"rendered":"<p style=\"text-align: justify;\">LA HAYA, Holanda * 12 de marzo de 2021.<br \/>\n<em>] <a href=\"https:\/\/apnews.com\/article\/noticias-d03e33b1dcbff5c251468a77f9ad6ff5\" target=\"_blank\" rel=\"noopener\">AP<\/a>.<\/em><\/p>\n<p style=\"text-align: justify;\">Lou Ottens, el ingeniero holand\u00e9s inventor del casete, el medio predilecto de millones de aficionados a la m\u00fasica, falleci\u00f3 a los 94 a\u00f1os, inform\u00f3 el viernes la empresa Philips, donde Ottens tambi\u00e9n colabor\u00f3 en el desarrollo del disco compacto.<\/p>\n<p style=\"text-align: justify;\">Ottens muri\u00f3 el s\u00e1bado, precis\u00f3 Philips.<\/p>\n<p style=\"text-align: justify;\">Ingeniero estructural graduado de la prestigiosa Universidad T\u00e9cnica de Delft, Ottens ingres\u00f3 a Philips en 1952. Dirig\u00eda el departamento de desarrollo de la empresa holandesa cuando empez\u00f3 a trabajar en una alternativa a las grabadoras existentes y sus inc\u00f3modos carretes de cinta.<\/p>\n<p style=\"text-align: justify;\">Su objetivo era claro: crear cintas y reproductores port\u00e1tiles y sencillos de utilizar.<\/p>\n<p style=\"text-align: justify;\">\u201cDurante el desarrollo del casete, a principios de la d\u00e9cada de 1960, hizo fabricar un bloque de madera que cab\u00eda exactamente en su bolsillo\u201d, dijo Olga Coolen, directora del Museo Philips en la ciudad sure\u00f1a de Eindhoven. \u201c\u00c9sas deb\u00edan ser las dimensiones del primer casete compacto, mucho m\u00e1s pr\u00e1ctico que las grabadoras voluminosas de la \u00e9poca\u201d.<\/p>\n<p style=\"text-align: justify;\">El producto final creado en 1962 fue un \u00e9xito mundial, con la venta de m\u00e1s de 100.000 millones de casetes, muchos de ellos a aficionados a la m\u00fasica que grabar\u00edan sus propias compilaciones directamente de la radio. Su popularidad disminuy\u00f3 con la creaci\u00f3n del disco compacto, una invenci\u00f3n en la que tambi\u00e9n colabor\u00f3 Ottens como supervisor de un equipo de desarrollo, dijo Philips.<\/p>\n<p style=\"text-align: justify;\">El \u00e9xito del casete se debi\u00f3 a su sencillez, dijo Ottens en una entrevista publicada por el Museo Philips.<\/p>\n<p style=\"text-align: justify;\">\u201cFue revolucionario porque era a prueba de fallas\u201d, dijo. A\u00f1adi\u00f3 que el hecho de que los reproductores de casetes funcionaran con pilas los volvi\u00f3 port\u00e1tiles y f\u00e1ciles de usar.<\/p>\n<p style=\"text-align: justify;\">\u201cTodos pod\u00edan llevar la m\u00fasica en el bolsillo\u201d, dijo Ottens.<\/p>\n<p style=\"text-align: justify;\">El prototipo de madera nunca lleg\u00f3 al museo. Ottens lo us\u00f3 para alzar el gato hidr\u00e1ulico cuando reemplazaba un neum\u00e1tico pinchado y lo dej\u00f3 olvidado a la vera de un camino, dijo Coolen.<\/p>\n<p style=\"text-align: justify;\">\u201cLou amaba la tecnolog\u00eda, sus ojos brillaban cuando hablaba de ella\u201d, dijo la directora del museo.<\/p>\n","protected":false},"excerpt":{"rendered":"<p>LA HAYA, Holanda * 12 de marzo de 2021. ] AP. Lou Ottens, el ingeniero holand\u00e9s inventor del casete, el medio predilecto de millones de aficionados a la m\u00fasica, falleci\u00f3 a los 94 a\u00f1os, inform\u00f3 el viernes la empresa Philips, donde Ottens tambi\u00e9n colabor\u00f3 en el desarrollo del disco compacto. Ottens muri\u00f3 el s\u00e1bado, precis\u00f3&#8230;<\/p>\n","protected":false},"author":2,"featured_media":1222599,"comment_status":"closed","ping_status":"closed","sticky":false,"template":"","format":"standard","meta":{"footnotes":""},"categories":[1988,1994],"tags":[12119],"class_list":["post-1222598","post","type-post","status-publish","format-standard","has-post-thumbnail","hentry","category-lifestyles","category-personalidades","tag-lou-ottens"],"_links":{"self":[{"href":"https:\/\/www.acapulcopress.com\/index.php\/wp-json\/wp\/v2\/posts\/1222598","targetHints":{"allow":["GET"]}}],"collection":[{"href":"https:\/\/www.acapulcopress.com\/index.php\/wp-json\/wp\/v2\/posts"}],"about":[{"href":"https:\/\/www.acapulcopress.com\/index.php\/wp-json\/wp\/v2\/types\/post"}],"author":[{"embeddable":true,"href":"https:\/\/www.acapulcopress.com\/index.php\/wp-json\/wp\/v2\/users\/2"}],"replies":[{"embeddable":true,"href":"https:\/\/www.acapulcopress.com\/index.php\/wp-json\/wp\/v2\/comments?post=1222598"}],"version-history":[{"count":0,"href":"https:\/\/www.acapulcopress.com\/index.php\/wp-json\/wp\/v2\/posts\/1222598\/revisions"}],"wp:featuredmedia":[{"embeddable":true,"href":"https:\/\/www.acapulcopress.com\/index.php\/wp-json\/"}],"wp:attachment":[{"href":"https:\/\/www.acapulcopress.com\/index.php\/wp-json\/wp\/v2\/media?parent=1222598"}],"wp:term":[{"taxonomy":"category","embeddable":true,"href":"https:\/\/www.acapulcopress.com\/index.php\/wp-json\/wp\/v2\/categories?post=1222598"},{"taxonomy":"post_tag","embeddable":true,"href":"https:\/\/www.acapulcopress.com\/index.php\/wp-json\/wp\/v2\/tags?post=1222598"}],"curies":[{"name":"wp","href":"https:\/\/api.w.org\/{rel}","templated":true}]}}