{"id":1222605,"date":"2021-03-12T13:55:56","date_gmt":"2021-03-12T19:55:56","guid":{"rendered":"https:\/\/www.acapulcopress.com\/?p=1222605"},"modified":"2021-03-12T13:55:56","modified_gmt":"2021-03-12T19:55:56","slug":"plantados-la-historia-de-los-presos-politicos-en-calzoncillos-que-desafiaron-el-castrismo","status":"publish","type":"post","link":"https:\/\/www.acapulcopress.com\/index.php\/2021\/03\/12\/plantados-la-historia-de-los-presos-politicos-en-calzoncillos-que-desafiaron-el-castrismo\/","title":{"rendered":"\u00abPlantados\u00bb, la historia de los presos pol\u00edticos en calzoncillos que desafiaron el castrismo"},"content":{"rendered":"<p style=\"text-align: justify;\">MIAMI * 12 de marzo de 2021.<br \/>\n<em>] <a href=\"https:\/\/www.efe.com\/efe\/america\/cultura\/plantados-los-presos-politicos-en-calzoncillos-que-desafiaron-el-castrismo\/20000009-4486674\" target=\"_blank\" rel=\"noopener\">Efe<\/a>.<\/em><\/p>\n<p style=\"text-align: justify;\">-La historia poco conocida de los prisioneros pol\u00edticos del castrismo que a partir de los a\u00f1os 60 se negaron a usar el uniforme reglamentario y fueron torturados inspir\u00f3 la pel\u00edcula \u201cPlantados\u201d, en la que hasta los torturadores \u201cson retratados de manera humana\u201d, afirma a Efe su director, Lilo Vilaplana, antes de presentarla este viernes en el Festival de Cine de Miami.<\/p>\n<p style=\"text-align: justify;\"><img loading=\"lazy\" decoding=\"async\" class=\"alignleft size-medium wp-image-1222606\" src=\"https:\/\/www.acapulco.press\/wp-content\/uploads\/2021\/03\/Planta2-375x211.jpg\" alt=\"\" width=\"375\" height=\"211\" \/>\u201cEs la historia de estos hombres y por qu\u00e9 lo hicieron\u201d, dice Vilaplana para referirse a una forma de protesta que consisti\u00f3 en no llevar el uniforme de los presos comunes para llamar la atenci\u00f3n sobre sus ideales.<\/p>\n<p style=\"text-align: justify;\">Seg\u00fan el libro \u201cRehenes de Castro\u201d, del poeta y expreso pol\u00edtico \u201cplantado\u201d Ernesto D\u00edaz Rodr\u00edguez, que pas\u00f3 22 a\u00f1os preso hasta su liberaci\u00f3n en 1991, \u201cla historia del presidio pol\u00edtico en Cuba est\u00e1 escrita con sangre\u201d.<\/p>\n<p style=\"text-align: justify;\">En sus p\u00e1ginas, sacadas clandestinamente de la isla, el autor <img loading=\"lazy\" decoding=\"async\" class=\"alignleft size-medium wp-image-1222607\" src=\"https:\/\/www.acapulco.press\/wp-content\/uploads\/2021\/03\/PLANTADOS-375x281.jpg\" alt=\"\" width=\"375\" height=\"281\" \/>describe las celdas de castigo tapiadas como un \u201cuniverso de menos de cuatro metros cuadrados\u201d, sin ventilaci\u00f3n ni agua, donde permaneci\u00f3 siete a\u00f1os ininterrumpidos vistiendo solo \u201cunos calzoncillos mugrientos\u201d.<\/p>\n<p style=\"text-align: justify;\">Rodada entre Miami y Puerto Rico y con actores en su gran mayor\u00eda radicados en el sur de la Florida, \u201cPlantados\u201d, que se estrena mundialmente este viernes en el Miami Film Festival, est\u00e1 basada en testimonios de presos pol\u00edticos que como D\u00edaz \u201cprefirieron quedarse en calzoncillos que hacer concesiones al r\u00e9gimen comunista\u201d, afirma el director.<\/p>\n<p style=\"text-align: justify;\">El filme tiene dos l\u00edneas argumentales, una es el presente, donde un expreso pol\u00edtico cubano (interpretado por Gilberto Reyes) se encuentra en el exilio en Miami con el hombre que lo tortur\u00f3 (Carlos Cruz) y \u201cse debate entre la venganza y la justicia\u201d, explica Vilaplana.<\/p>\n<p style=\"text-align: justify;\">La otra l\u00ednea narrativa es la retrospectiva \u201cde lo que pasaron y pasan ahora otros en las c\u00e1rceles cubanas\u201d.<\/p>\n<p style=\"text-align: justify;\">\u201cEs un homenaje a todos los plantados\u201d, dice Vilaplana, conocido por populares teleseries como \u201cEl Capo\u201d y \u201cDue\u00f1os del para\u00edso\u201d.<\/p>\n<p style=\"text-align: justify;\">En \u201cPlantados\u201d se utiliza el simbolismo \u201cpara abarcar una historia larga y poco contada. Todos los personajes castristas son tratados de manera humana\u201d, agrega.<\/p>\n<p style=\"text-align: justify;\">\u201cHay un poeta que representa a todos los artistas de la prisi\u00f3n (pol\u00edtica) en Cuba\u201d, explica Vilaplana y menciona entre ellos al escritor Jorge Valls (1933-2015), que pas\u00f3 m\u00e1s de veinte a\u00f1os preso; el poeta Armando Valladares, que tras 22 a\u00f1os entre rejas fue Embajador de Estados Unidos ante el Consejo de Derechos Humanos de la ONU, y al poeta y ensayista \u00c1ngel Cuadra, fallecido en Miami este a\u00f1o.<\/p>\n<p style=\"text-align: justify;\">El personaje de Alfredo, interpretado por el conocido humorista Conrado Cogle (Bonc\u00f3), representa al \u201cprisionero de la raza negra, muy maltratado porque el r\u00e9gimen es muy racista\u201d, y otro personaje, Ricardo, interpretado por Abel Rodr\u00edguez, \u201crepresenta el dolor de la familia, la lejan\u00eda\u201d.<\/p>\n<p style=\"text-align: justify;\">\u201cHay cuentos estremecedores plasmados en im\u00e1genes. Por primera vez las personas van a ver las historias del presidio. No es un documental\u201d, aclara el cineasta, quien tuvo la suerte de encontrar a un productor comprometido con la historia, porque, puntualiza, \u201cel cine es caro\u201d.<\/p>\n<p style=\"text-align: justify;\">PRODUCTOR BUSCA A DIRECTOR<\/p>\n<p style=\"text-align: justify;\">El empresario de origen cubano Leopoldo Fern\u00e1ndez Pujals, sobrino de un preso pol\u00edtico \u201cplantado\u201d ya fallecido, Jos\u00e9 Pujals Mederos, llevaba tiempo tratando de plasmar la historia en cine, pero seg\u00fan Vilaplana no hab\u00eda encontrado un proyecto adecuado.<\/p>\n<p style=\"text-align: justify;\">\u201cFue a Hollywood y tambi\u00e9n atendi\u00f3 un proyecto franc\u00e9s, pero nunca ellos captaron la esencia. En algunos casos no quer\u00edan meterse con el castrismo\u201d, afirma.<\/p>\n<p style=\"text-align: justify;\">\u201cCuando hago \u2018Leyendas del exilio\u2019 (una teleserie que rescata los testimonios de los exiliados cubanos), Leopoldo me llam\u00f3 (\u2026), nos dimos la mano y ya la pel\u00edcula es un hecho. No lo he vuelto a ver. Me lo voy a encontrar de nuevo en el estreno\u201d, comenta.<\/p>\n<p style=\"text-align: justify;\">El gui\u00f3n de \u201cPlantados\u201d cuenta con la colaboraci\u00f3n de dos expresos pol\u00edticos, el escritor y bloguero \u00c1ngel Santiesteban y el periodista Juan Manuel Cao.<\/p>\n<p style=\"text-align: justify;\">\u201cSe hicieron 17 versiones de la peli y se baj\u00f3 el tiempo a una hora y 58 minutos, que es la que queda, pero hay material para una serie de cinco cap\u00edtulos\u201d, explica el realizador.<\/p>\n<p style=\"text-align: justify;\">En el elenco aparecen actores cubanos de larga data como Isabel Moreno y Alberto Pujol, e intervienen otros m\u00e1s j\u00f3venes como Frank Egusquiza.<\/p>\n<p style=\"text-align: justify;\">UN ACTOR QUE PONE ALMA, CORAZ\u00d3N Y VIDA<\/p>\n<p style=\"text-align: justify;\">Para el veterano actor de cine, radio y televisi\u00f3n Carlos Cruz, que interpreta a Mauricio, un personaje \u201cantag\u00f3nico con matices humanos\u201d, seg\u00fan dice a Efe, ha sido una \u201cexperiencia muy importante\u201d.<\/p>\n<p style=\"text-align: justify;\">\u201cEn todas mis actuaciones he puesto alma, coraz\u00f3n y vida, pero esta es \u00fanica\u201d, confiesa Cruz, que ha trabajado en pel\u00edculas antol\u00f3gicas del cine cubano como \u201cUn hombre de \u00e9xito\u201d (1986) y \u201cLa bella de la Alahambra (1989).<\/p>\n<p style=\"text-align: justify;\">El actor, que lleva 21 a\u00f1os en Miami, dice que la historia lo \u201cimpresion\u00f3 mucho\u201d. Es \u201cuna realidad muy bien ocultada por el Gobierno cubano\u201d, agreg\u00f3.<\/p>\n<p style=\"text-align: justify;\">\u201cLa pel\u00edcula es un acto de justicia para estas personas aferradas a un ideal, que lograron resistir 20 a\u00f1os en las c\u00e1rceles y muchas veces ni las familias sab\u00edan c\u00f3mo era su vida all\u00ed\u201d, coment\u00f3 el actor.<\/p>\n<p style=\"text-align: justify;\">El director adelant\u00f3 a Efe que, a partir del 26 de marzo, \u201cPlantados\u201d se podr\u00e1 ver en cinco cines de Miami, as\u00ed como en Naples y Tampa (Florida), Puerto Rico y Rep\u00fablica Dominicana.<\/p>\n","protected":false},"excerpt":{"rendered":"<p>MIAMI * 12 de marzo de 2021. ] Efe. -La historia poco conocida de los prisioneros pol\u00edticos del castrismo que a partir de los a\u00f1os 60 se negaron a usar el uniforme reglamentario y fueron torturados inspir\u00f3 la pel\u00edcula \u201cPlantados\u201d, en la que hasta los torturadores \u201cson retratados de manera humana\u201d, afirma a Efe su&#8230;<\/p>\n","protected":false},"author":2,"featured_media":1222608,"comment_status":"closed","ping_status":"closed","sticky":false,"template":"","format":"standard","meta":{"footnotes":""},"categories":[2022,1988],"tags":[2487,8566,11980],"class_list":["post-1222605","post","type-post","status-publish","format-standard","has-post-thumbnail","hentry","category-actvismo","category-lifestyles","tag-plantados","tag-festival-de-cine-de-miami","tag-lilo-vilaplana"],"_links":{"self":[{"href":"https:\/\/www.acapulcopress.com\/index.php\/wp-json\/wp\/v2\/posts\/1222605","targetHints":{"allow":["GET"]}}],"collection":[{"href":"https:\/\/www.acapulcopress.com\/index.php\/wp-json\/wp\/v2\/posts"}],"about":[{"href":"https:\/\/www.acapulcopress.com\/index.php\/wp-json\/wp\/v2\/types\/post"}],"author":[{"embeddable":true,"href":"https:\/\/www.acapulcopress.com\/index.php\/wp-json\/wp\/v2\/users\/2"}],"replies":[{"embeddable":true,"href":"https:\/\/www.acapulcopress.com\/index.php\/wp-json\/wp\/v2\/comments?post=1222605"}],"version-history":[{"count":0,"href":"https:\/\/www.acapulcopress.com\/index.php\/wp-json\/wp\/v2\/posts\/1222605\/revisions"}],"wp:featuredmedia":[{"embeddable":true,"href":"https:\/\/www.acapulcopress.com\/index.php\/wp-json\/"}],"wp:attachment":[{"href":"https:\/\/www.acapulcopress.com\/index.php\/wp-json\/wp\/v2\/media?parent=1222605"}],"wp:term":[{"taxonomy":"category","embeddable":true,"href":"https:\/\/www.acapulcopress.com\/index.php\/wp-json\/wp\/v2\/categories?post=1222605"},{"taxonomy":"post_tag","embeddable":true,"href":"https:\/\/www.acapulcopress.com\/index.php\/wp-json\/wp\/v2\/tags?post=1222605"}],"curies":[{"name":"wp","href":"https:\/\/api.w.org\/{rel}","templated":true}]}}