{"id":1222613,"date":"2021-03-11T14:21:55","date_gmt":"2021-03-11T20:21:55","guid":{"rendered":"https:\/\/www.acapulcopress.com\/?p=1222613"},"modified":"2021-03-11T14:21:55","modified_gmt":"2021-03-11T20:21:55","slug":"pide-yair-a-consejo-de-morena-guerrero-reconsiderar-generos-en-distritos-de-acapulco","status":"publish","type":"post","link":"https:\/\/www.acapulcopress.com\/index.php\/2021\/03\/11\/pide-yair-a-consejo-de-morena-guerrero-reconsiderar-generos-en-distritos-de-acapulco\/","title":{"rendered":"Pide Ya\u00edr a Consejo de Morena Guerrero reconsiderar g\u00e9neros en distritos de Acapulco"},"content":{"rendered":"<p style=\"text-align: justify;\">ACAPULCO * 12 de marzo de 2021.<br \/>\n<em>]\u00a0 Redacci\u00f3n.<\/em><\/p>\n<p style=\"text-align: justify;\">El aspirante a la Coordinaci\u00f3n Distrital n\u00famero 04 local por Morena, Yair Garc\u00eda Delgado,\u00a0 solicit\u00f3 al Consejo Estatal <img loading=\"lazy\" decoding=\"async\" class=\"alignleft size-medium wp-image-1222615\" src=\"https:\/\/www.acapulco.press\/wp-content\/uploads\/2021\/03\/YAIR-375x226.jpeg\" alt=\"\" width=\"375\" height=\"226\" \/>de Morena reconsidere la selecci\u00f3n de los g\u00e9neros en los distritos locales, especialmente en cuatro donde se asign\u00f3 mujer.<\/p>\n<p>En conferencia de prensa,\u00a0 revel\u00f3 un Estudio Preelectoral del Distrito 4 realizado por docentes y estudiantes de la Universidad Aut\u00f3noma de Guerrero (UAGro), en el sali\u00f3 puntero. Sin embargo, \u00a0el Consejo Estatal de Morena &#8211;realizado el domingo pasado&#8211;, determin\u00f3 que el Distrito 4 por el que el Ciudadano de Tiempo Completo participa, fue asignado a mujer.<\/p>\n<p style=\"text-align: justify;\">El Presidente de la la Asociaci\u00f3n Civil Ciudadano de Tiempo Completo advirti\u00f3 que al no tener la ratificaci\u00f3n de la dirigencia nacional, por medio de la Comisi\u00f3n de Elecciones de este instituto pol\u00edtico, existen aun alternativas para volver a considerar la definici\u00f3n de g\u00e9nero en los municipios.<\/p>\n<p style=\"text-align: justify;\">Incluso, acot\u00f3 la situaci\u00f3n no es solo en el distrito 04 local, sino tambi\u00e9n la designaci\u00f3n de hombres en el cinco, cuando las mejores posicionadas son mujeres. O el caso de del distrito 08, en donde los mejores posicionados son hombres y se design\u00f3 mujer.<\/p>\n<p style=\"text-align: justify;\">Advirti\u00f3 que el haber decidido de esta manera, Morena pondr\u00eda en riesgo el objetivo de lograr un triunfo avasayante. A tal grado de perder algunos distritos locales.<\/p>\n<p style=\"text-align: justify;\">Por ello, expres\u00f3 que, como se ha sostenidos desde la dirigencia nacional de Morena, se debiera de ponderar la competitividad y perfiles de los candidatos para organizar los g\u00e9neros en los diversos distritos.<\/p>\n<p style=\"text-align: justify;\">Acot\u00f3 adem\u00e1s, que no tiene nada en contra de las mujeres, incluso destac\u00f3 que hay muchas mujeres valiosas en Morena, pero en el caso del distrito cuatro, los mejor posicionados corresponden al g\u00e9nero masculino. Y para muestra, el sondeo que present\u00f3 hoy ante los medios de comunicaci\u00f3n.<\/p>\n<p style=\"text-align: justify;\">Delgado Garc\u00eda refiri\u00f3 que en caso de agotarse las instancias pol\u00edticas al interior de las decisiones de este instituto pol\u00edtico, est\u00e1 preparado para defender jur\u00eddicamente la representaci\u00f3n en la candidatura de Morena en el cuarto distrito de Guerrero.<\/p>\n<p style=\"text-align: justify;\">El Ciudadano de Tiempo Completo fue acompa\u00f1ado de otros aspirantes, como Godofredo Palma, quien intenta ser el candidato a diputado del distrito 04 federal y Alexander Astudillo, quien pretende ser el candidato a la Presencia Municipal de Acapulco.<\/p>\n<p style=\"text-align: justify;\"><em>] Con Informaci\u00f3n de Ernesto Caballero \/ \u00daltima Hora.<\/em><\/p>\n","protected":false},"excerpt":{"rendered":"<p>ACAPULCO * 12 de marzo de 2021. ]\u00a0 Redacci\u00f3n. El aspirante a la Coordinaci\u00f3n Distrital n\u00famero 04 local por Morena, Yair Garc\u00eda Delgado,\u00a0 solicit\u00f3 al Consejo Estatal de Morena reconsidere la selecci\u00f3n de los g\u00e9neros en los distritos locales, especialmente en cuatro donde se asign\u00f3 mujer. En conferencia de prensa,\u00a0 revel\u00f3 un Estudio Preelectoral del&#8230;<\/p>\n","protected":false},"author":2,"featured_media":1222616,"comment_status":"closed","ping_status":"closed","sticky":false,"template":"","format":"standard","meta":{"footnotes":""},"categories":[2024,18561],"tags":[5826,13297,18204],"class_list":["post-1222613","post","type-post","status-publish","format-standard","has-post-thumbnail","hentry","category-politica-activism","category-society-politics","tag-ciudadano-de-tiempo-completo","tag-morena","tag-yair-garcia-delgado"],"_links":{"self":[{"href":"https:\/\/www.acapulcopress.com\/index.php\/wp-json\/wp\/v2\/posts\/1222613","targetHints":{"allow":["GET"]}}],"collection":[{"href":"https:\/\/www.acapulcopress.com\/index.php\/wp-json\/wp\/v2\/posts"}],"about":[{"href":"https:\/\/www.acapulcopress.com\/index.php\/wp-json\/wp\/v2\/types\/post"}],"author":[{"embeddable":true,"href":"https:\/\/www.acapulcopress.com\/index.php\/wp-json\/wp\/v2\/users\/2"}],"replies":[{"embeddable":true,"href":"https:\/\/www.acapulcopress.com\/index.php\/wp-json\/wp\/v2\/comments?post=1222613"}],"version-history":[{"count":0,"href":"https:\/\/www.acapulcopress.com\/index.php\/wp-json\/wp\/v2\/posts\/1222613\/revisions"}],"wp:featuredmedia":[{"embeddable":true,"href":"https:\/\/www.acapulcopress.com\/index.php\/wp-json\/"}],"wp:attachment":[{"href":"https:\/\/www.acapulcopress.com\/index.php\/wp-json\/wp\/v2\/media?parent=1222613"}],"wp:term":[{"taxonomy":"category","embeddable":true,"href":"https:\/\/www.acapulcopress.com\/index.php\/wp-json\/wp\/v2\/categories?post=1222613"},{"taxonomy":"post_tag","embeddable":true,"href":"https:\/\/www.acapulcopress.com\/index.php\/wp-json\/wp\/v2\/tags?post=1222613"}],"curies":[{"name":"wp","href":"https:\/\/api.w.org\/{rel}","templated":true}]}}