{"id":1222639,"date":"2021-03-12T18:05:05","date_gmt":"2021-03-13T00:05:05","guid":{"rendered":"https:\/\/www.acapulcopress.com\/?p=1222639"},"modified":"2021-03-12T18:05:05","modified_gmt":"2021-03-13T00:05:05","slug":"fiscalia-vincula-a-proceso-a-homicida-de-tlapa","status":"publish","type":"post","link":"https:\/\/www.acapulcopress.com\/index.php\/2021\/03\/12\/fiscalia-vincula-a-proceso-a-homicida-de-tlapa\/","title":{"rendered":"Fiscal\u00eda vincula a proceso a homicida de Tlapa"},"content":{"rendered":"<p style=\"text-align: justify;\">CHILPANCINGO * 12 de marzo de 2021.<br \/>\n<em>] <a href=\"https:\/\/fiscaliaguerrero.gob.mx\" target=\"_blank\" rel=\"noopener\">https:\/\/fiscaliaguerrero.gob.mx<\/a>.<\/em><\/p>\n<p style=\"text-align: justify;\">El Ministerio P\u00fablico adscrito a Tlapa de Comonfort obtuvo vinculaci\u00f3n a proceso en contra de Job Betai \u00abN\u00bb, acusado como probable responsable del delito de Homicidio Calificado en agravio de Enoch \u00abN\u00bb.<\/p>\n<p style=\"text-align: justify;\">Al imputado se le acusa que el d\u00eda 4 de julio de 2019 cuando caminaba la v\u00edctima por la calle principal de la comunidad de Ahuatepec, municipio de Tlapa, se le acerc\u00f3 en compa\u00f1\u00eda de m\u00e1s c\u00f3mplices y con arma blanca (machetes) lo agredieron hasta privarlo de la vida.<\/p>\n<p style=\"text-align: justify;\">Por lo anterior, fue detenido por polic\u00edas ministeriales y en audiencia el Juez de Control vincul\u00f3 a proceso a Job Betai \u00abN\u00bb, por el delito de Homicidio Calificado, otorgando cuatro meses de investigaci\u00f3n complementaria, quedando interno en el Centro de Reinserci\u00f3n Social.<\/p>\n","protected":false},"excerpt":{"rendered":"<p>CHILPANCINGO * 12 de marzo de 2021. ] https:\/\/fiscaliaguerrero.gob.mx. El Ministerio P\u00fablico adscrito a Tlapa de Comonfort obtuvo vinculaci\u00f3n a proceso en contra de Job Betai \u00abN\u00bb, acusado como probable responsable del delito de Homicidio Calificado en agravio de Enoch \u00abN\u00bb. Al imputado se le acusa que el d\u00eda 4 de julio de 2019 cuando&#8230;<\/p>\n","protected":false},"author":2,"featured_media":1222640,"comment_status":"closed","ping_status":"closed","sticky":false,"template":"","format":"standard","meta":{"footnotes":""},"categories":[18561,2005],"tags":[8682,10946,14737],"class_list":["post-1222639","post","type-post","status-publish","format-standard","has-post-thumbnail","hentry","category-society-politics","category-seguridad-y-justicia","tag-fiscalia-general-de-guerrero-fge","tag-jorge-zuriel-de-los-santos-barrila","tag-policia-ministerial-de-guerrero"],"_links":{"self":[{"href":"https:\/\/www.acapulcopress.com\/index.php\/wp-json\/wp\/v2\/posts\/1222639","targetHints":{"allow":["GET"]}}],"collection":[{"href":"https:\/\/www.acapulcopress.com\/index.php\/wp-json\/wp\/v2\/posts"}],"about":[{"href":"https:\/\/www.acapulcopress.com\/index.php\/wp-json\/wp\/v2\/types\/post"}],"author":[{"embeddable":true,"href":"https:\/\/www.acapulcopress.com\/index.php\/wp-json\/wp\/v2\/users\/2"}],"replies":[{"embeddable":true,"href":"https:\/\/www.acapulcopress.com\/index.php\/wp-json\/wp\/v2\/comments?post=1222639"}],"version-history":[{"count":0,"href":"https:\/\/www.acapulcopress.com\/index.php\/wp-json\/wp\/v2\/posts\/1222639\/revisions"}],"wp:featuredmedia":[{"embeddable":true,"href":"https:\/\/www.acapulcopress.com\/index.php\/wp-json\/"}],"wp:attachment":[{"href":"https:\/\/www.acapulcopress.com\/index.php\/wp-json\/wp\/v2\/media?parent=1222639"}],"wp:term":[{"taxonomy":"category","embeddable":true,"href":"https:\/\/www.acapulcopress.com\/index.php\/wp-json\/wp\/v2\/categories?post=1222639"},{"taxonomy":"post_tag","embeddable":true,"href":"https:\/\/www.acapulcopress.com\/index.php\/wp-json\/wp\/v2\/tags?post=1222639"}],"curies":[{"name":"wp","href":"https:\/\/api.w.org\/{rel}","templated":true}]}}