{"id":1222652,"date":"2021-03-12T18:48:47","date_gmt":"2021-03-13T00:48:47","guid":{"rendered":"https:\/\/www.acapulcopress.com\/?p=1222652"},"modified":"2021-03-12T18:48:47","modified_gmt":"2021-03-13T00:48:47","slug":"oms-aprobo-de-urgencia-vacuna-de-johnsonjohnson-y-defendio-la-astrazeneca","status":"publish","type":"post","link":"https:\/\/www.acapulcopress.com\/index.php\/2021\/03\/12\/oms-aprobo-de-urgencia-vacuna-de-johnsonjohnson-y-defendio-la-astrazeneca\/","title":{"rendered":"OMS aprob\u00f3 de urgencia vacuna de Johnson&#038;Johnson y defendi\u00f3 la AstraZeneca"},"content":{"rendered":"<p style=\"text-align: justify;\">GINEBRA * 12 de marzo de 2021.<br \/>\n<em>]<a href=\"https:\/\/www.telam.com.ar\/notas\/202103\/547272-la-oms-aprobo-de-urgencia-la-vacuna-de-johnsonjohnson-y-defendio-la-de-astrazeneca.html\" target=\"_blank\" rel=\"noopener\"> T\u00e9lam<\/a>.<\/em><\/p>\n<p style=\"text-align: justify;\">La Organizaci\u00f3n Mundial de la Salud (OMS) anunci\u00f3 este viernes la aprobaci\u00f3n de urgencia a la vacuna anticovid Janssen, de dosis \u00fanica, de la farmac\u00e9utica estadounidense Johnson&amp;Johnson y ratific\u00f3 que \u00abno hay raz\u00f3n para no utilizar\u00bb el inmunizador de AstraZeneca, tras la suspensi\u00f3n de su uso como medida de precauci\u00f3n en algunos pa\u00edses europeos.<\/p>\n<p style=\"text-align: justify;\">\u00abCada nuevo instrumento, seguro y eficaz, contra el Covid-19 es un paso m\u00e1s hacia el control de la pandemia\u00bb, coment\u00f3 el director general de la OMS, Tedros Adhanom Ghebreyesus.<\/p>\n<p style=\"text-align: justify;\">La de Janssen es la tercera vacuna homologada por la OMS, despu\u00e9s del visto bueno que recibieron las de Pfizer\/BioNTech y la de AstraZeneca\/Oxford.<\/p>\n<p style=\"text-align: justify;\">Esas dos vacunas necesitan una doble dosis y la de Pfizer solo puede ser almacenada a temperaturas extremadamente fr\u00edas. En cambio, el f\u00e1rmaco Janssen puede mantenerse en un frigor\u00edfico cl\u00e1sico.<\/p>\n<p style=\"text-align: justify;\">Con esta aprobaci\u00f3n, la vacuna podr\u00e1 integrar el programa Covax, fundado por la OMS, la Alianza para las Vacunas (GAVI) y la Coalici\u00f3n para la Innovaci\u00f3n en la Preparaci\u00f3n ante las Epidemias (CEPI), para distribuir vacunas a los pa\u00edses en v\u00edas de desarrollo.<\/p>\n<p style=\"text-align: justify;\">La decisi\u00f3n de este viernes de la OMS viene precedida por la autorizaci\u00f3n de la Agencia Europea de Medicamentos (EMA), que se anunci\u00f3 este jueves.<\/p>\n<p style=\"text-align: justify;\">\u201cLa esperanza que ofrecen estas herramientas no se materializar\u00e1 a menos que est\u00e9n disponibles para todas las personas en todos los pa\u00edses. Insto a gobiernos y empresas a que cumplan sus compromisos y utilicen todas las soluciones a su disposici\u00f3n para aumentar la producci\u00f3n, de modo que estas herramientas se conviertan en bienes p\u00fablicos verdaderamente globales, disponibles y asequibles para todos\u201d, remarc\u00f3 Tedros.<\/p>\n<p style=\"text-align: justify;\">La vacuna de Janssen es la primera en ser incluida por la OMS como un r\u00e9gimen de dosis \u00fanica, lo que deber\u00eda facilitar la log\u00edstica de vacunaci\u00f3n en todos los pa\u00edses.<\/p>\n<p style=\"text-align: justify;\">La defensa de la vacuna de AstraZeneca<\/p>\n<p style=\"text-align: justify;\">Pero la organizaci\u00f3n tambi\u00e9n debi\u00f3 salir a defender el uso de la vacuna de AstraZeneca, cuya seguridad fue puesta en duda por algunos pa\u00edses que hablaron de los efectos secundarios.<\/p>\n<p style=\"text-align: justify;\">\u00abS\u00ed, deber\u00edamos continuar utilizando la vacuna\u00bb de AstraZeneca; \u00abno hay raz\u00f3n para no hacerlo\u00bb, manifest\u00f3 Margaret Harris, una vocera del organismo sanitario de la ONU en una conferencia de prensa desde Ginebra.<\/p>\n<p style=\"text-align: justify;\">Dinamarca, Islandia y Noruega hab\u00edan anunciado la suspensi\u00f3n del uso del inoculante de AstraZeneca por la aparici\u00f3n de co\u00e1gulos de sangre en personas inmunizadas.<\/p>\n<p style=\"text-align: justify;\">Ante la muerte de una mujer de 57 a\u00f1os, Bulgaria tom\u00f3 hoy la misma decisi\u00f3n \u00abhasta que la Agencia Europea de Medicamentos (EMA) levante todas las dudas sobre su seguridad\u00bb, dijo el primer ministro, Boyko Borisov<\/p>\n<p style=\"text-align: justify;\">No obstante, la misma EMA recomend\u00f3 a los pa\u00edses de la Uni\u00f3n Europea (UE) a avanzar con la aplicaci\u00f3n de la vacuna de AstraZeneca, porque \u201clos beneficios contin\u00faan superando los riesgos\u201d.<\/p>\n<p style=\"text-align: justify;\">Seg\u00fan la Agencia, s\u00f3lo se se\u00f1alaron hasta el martes \u00faltimo 22 casos de trombosis entre los tres millones de personas vacunadas en el bloque, as\u00ed como en Noruega e Islandia, que participan en la estrategia com\u00fan de vacunas.<\/p>\n<p style=\"text-align: justify;\">El laboratorio AstraZeneca afirm\u00f3 este viernes, por su parte, que \u00abno hay pruebas de un riesgo agravado\u00bb de trombos debido a la administraci\u00f3n de su f\u00e1rmaco.<\/p>\n<p style=\"text-align: justify;\">\u00abUn an\u00e1lisis de nuestros datos correspondientes a m\u00e1s de 10 millones de casos ha mostrado que no hay pruebas de un riesgo agravado de embolia pulmonar o trombosis venosa profunda en ning\u00fan grupo de edad, g\u00e9nero, lote o en ning\u00fan pa\u00eds en particular\u00bb, afirm\u00f3 en un comunicado.<\/p>\n<p style=\"text-align: justify;\">Otros cuatro pa\u00edses europeos -Estonia, Lituania, Letonia y Luxemburgo- suspendieron inmediatamente despu\u00e9s la vacunaci\u00f3n con dosis de un lote que se entreg\u00f3 a 17 pa\u00edses y que inclu\u00eda un mill\u00f3n de vacunas, e Italia, que no recibi\u00f3 vacunas de esa partida, tambi\u00e9n suspendi\u00f3 la aplicaci\u00f3n.<\/p>\n<p style=\"text-align: justify;\">Denuncia del canciller de Austria<\/p>\n<p style=\"text-align: justify;\">En medio del debate sobre la eficacia, el canciller de Austria, Sebastian Kurz, lanz\u00f3 algo parecido a una bomba pero en torno a la venta y distribuci\u00f3n de los inoculantes: no solo denunci\u00f3 un reparto desigual entre los miembros de la Uni\u00f3n Europea (UE), una pr\u00e1ctica que podr\u00eda \u201cintensificarse\u201d en los pr\u00f3ximos meses, sino que advirti\u00f3 que algunos pa\u00edses negociaron en forma \u00absecreta\u00bb acuerdos con laboratorios y farmac\u00e9uticas para lograr m\u00e1s dosis.<\/p>\n<p style=\"text-align: justify;\">\u00abHay indicaciones seg\u00fan las cuales exist\u00eda una instancia, un mercado, en el que se cerraron acuerdos suplementarios entre Estados miembros y laboratorios farmac\u00e9uticos\u00bb, revel\u00f3 Kurz ante la prensa, y explic\u00f3 que hab\u00eda compartido informaciones similares con los dirigentes de B\u00e9lgica, Grecia, Polonia, Eslovenia y Rep\u00fablica Checa.<\/p>\n<p style=\"text-align: justify;\">El canciller alert\u00f3 que \u00abmuchos no pod\u00edan creerlo, porque esto contradice claramente el objetivo pol\u00edtico de la UE\u00bb de un reparto equitativo, y evalu\u00f3 que es preciso \u00abencontrar qui\u00e9n firm\u00f3 los contratos\u00bb, que son \u00absecretos\u00bb y que \u00e9l no hab\u00eda podido consultarlos, report\u00f3 la agencia DPA.<\/p>\n<p style=\"text-align: justify;\">Las declaraciones de Kurz vienen a avivar el fuego en un bloque que de por s\u00ed llega golpeado por las diferencia en torno al manejo de la pandemia, a partir de cuatro o cinco puntos clave en las que los Estados disienten.<\/p>\n<p style=\"text-align: justify;\">El cierre total o parcial de fronteras, la producci\u00f3n y venta de las vacunas, la posibilidad de exportarlas o no a otras regiones, la distribuci\u00f3n y hasta la chance de instaurar una suerte de pasaporte sanitario vienen siendo discutidas en el bloque de los 27 pa\u00edses que integran la UE.<\/p>\n<p style=\"text-align: justify;\">En parte en busca de zanjar esta cuesti\u00f3n del reparto \u2013con consecuencias catastr\u00f3ficas en lo econ\u00f3mico-, el presidente de Estados Unidos, Joe Biden, y los l\u00edderes de India, Jap\u00f3n y Australia, reunidos por videoconferencia, anunciaron una cumbre \u00aben persona\u00bb antes de fin de a\u00f1o y garantizaron una iniciativa conjunta para la fabricaci\u00f3n de al menos 1.000 dosis m\u00e1s para finales de 2022, seg\u00fan la agencia AFP.<\/p>\n<p style=\"text-align: justify;\">La producci\u00f3n de estos lotes extras le corresponder\u00e1 a India, seg\u00fan un comunicado que dio a conocer la Casa Blanca, con su respaldo a la empresa india Biological E Ltd. para \u00abproducir al menos 1.000 millones de dosis de vacunas Covid-19 para finales de 2022\u00bb, centr\u00e1ndose en la vacuna de una dosis de Johnson&amp;Johnson, aprobada hoy por la OMS.<\/p>\n","protected":false},"excerpt":{"rendered":"<p>GINEBRA * 12 de marzo de 2021. ] T\u00e9lam. La Organizaci\u00f3n Mundial de la Salud (OMS) anunci\u00f3 este viernes la aprobaci\u00f3n de urgencia a la vacuna anticovid Janssen, de dosis \u00fanica, de la farmac\u00e9utica estadounidense Johnson&amp;Johnson y ratific\u00f3 que \u00abno hay raz\u00f3n para no utilizar\u00bb el inmunizador de AstraZeneca, tras la suspensi\u00f3n de su uso&#8230;<\/p>\n","protected":false},"author":2,"featured_media":1222653,"comment_status":"closed","ping_status":"closed","sticky":false,"template":"","format":"standard","meta":{"footnotes":""},"categories":[1969],"tags":[14033,14999,17725,17726],"class_list":["post-1222652","post","type-post","status-publish","format-standard","has-post-thumbnail","hentry","category-trending","tag-organizacion-mundial-de-la-salud-oms","tag-programa-covax","tag-vacuna-covid-astrazeneca","tag-vacuna-covid-johnsonjohnson"],"_links":{"self":[{"href":"https:\/\/www.acapulcopress.com\/index.php\/wp-json\/wp\/v2\/posts\/1222652","targetHints":{"allow":["GET"]}}],"collection":[{"href":"https:\/\/www.acapulcopress.com\/index.php\/wp-json\/wp\/v2\/posts"}],"about":[{"href":"https:\/\/www.acapulcopress.com\/index.php\/wp-json\/wp\/v2\/types\/post"}],"author":[{"embeddable":true,"href":"https:\/\/www.acapulcopress.com\/index.php\/wp-json\/wp\/v2\/users\/2"}],"replies":[{"embeddable":true,"href":"https:\/\/www.acapulcopress.com\/index.php\/wp-json\/wp\/v2\/comments?post=1222652"}],"version-history":[{"count":0,"href":"https:\/\/www.acapulcopress.com\/index.php\/wp-json\/wp\/v2\/posts\/1222652\/revisions"}],"wp:featuredmedia":[{"embeddable":true,"href":"https:\/\/www.acapulcopress.com\/index.php\/wp-json\/"}],"wp:attachment":[{"href":"https:\/\/www.acapulcopress.com\/index.php\/wp-json\/wp\/v2\/media?parent=1222652"}],"wp:term":[{"taxonomy":"category","embeddable":true,"href":"https:\/\/www.acapulcopress.com\/index.php\/wp-json\/wp\/v2\/categories?post=1222652"},{"taxonomy":"post_tag","embeddable":true,"href":"https:\/\/www.acapulcopress.com\/index.php\/wp-json\/wp\/v2\/tags?post=1222652"}],"curies":[{"name":"wp","href":"https:\/\/api.w.org\/{rel}","templated":true}]}}