{"id":1222679,"date":"2021-03-13T02:16:59","date_gmt":"2021-03-13T08:16:59","guid":{"rendered":"https:\/\/www.acapulcopress.com\/?p=1222679"},"modified":"2021-03-13T02:16:59","modified_gmt":"2021-03-13T08:16:59","slug":"haytoro-cne-de-morena-ratifica-a-felix","status":"publish","type":"post","link":"https:\/\/www.acapulcopress.com\/index.php\/2021\/03\/13\/haytoro-cne-de-morena-ratifica-a-felix\/","title":{"rendered":"#HayToro! | CNE de Morena ratifica a #F\u00e9lix"},"content":{"rendered":"<p style=\"text-align: justify;\">CIUDAD DE M\u00c9XICO * 12 de marzo de 2021.<br \/>\n<em>] <a href=\"https:\/\/latinus.us\/2021\/03\/12\/morena-ratifica-candidatura-felix-salgado-macedonio-guerrero-encuesta\/\" target=\"_blank\" rel=\"noopener\">Latin Us<\/a>.<\/em><\/p>\n<p style=\"text-align: justify;\">La Comisi\u00f3n Nacional de Elecciones de Morena ratific\u00f3 este viernes la candidatura de F\u00e9lix Salgado Macedonio a la gubernatura de Guerrero en los comicios de junio pr\u00f3ximo por ser el \u201cmejor posicionado\u201d en la nueva encuesta que se realiz\u00f3 en el estado.<\/p>\n<p style=\"text-align: justify;\"><img loading=\"lazy\" decoding=\"async\" class=\"alignleft size-medium wp-image-1222682\" src=\"https:\/\/www.acapulco.press\/wp-content\/uploads\/2021\/03\/MARIO-DELGADO-TWITTER-FELIX-375x241.png\" alt=\"\" width=\"375\" height=\"241\" \/>\u201cLa gente de Guerrero evalu\u00f3 y tom\u00f3 una decisi\u00f3n. Estamos obligados a respetarla. En la nueva encuesta, F\u00e9lix Salgado Macedonio result\u00f3 el mejor posicionado, por lo que la Comisi\u00f3n Nacional de Elecciones lo ratifica en la candidatura a la gubernatura de Guerrero\u201d, indic\u00f3 la comisi\u00f3n en un comunicado.<\/p>\n<p style=\"text-align: justify;\">La Comisi\u00f3n de Honestidad y Justicia orden\u00f3 reponer el proceso de selecci\u00f3n de la candidatura ante las acusaciones en contra de Salgado Macedonio, por los delitos de violaci\u00f3n, acoso y abuso sexual.<\/p>\n<p style=\"text-align: justify;\">\u201cEs leg\u00edtima la indignaci\u00f3n y el dolor de las mujeres de Morena. Pero tambi\u00e9n es cierto que el partido no fue omiso. Se inici\u00f3 un procedimiento de oficio para atender los se\u00f1alamientos y se repuso la selecci\u00f3n de la candidatura\u201d, explic\u00f3 la Comisi\u00f3n Nacional de Elecciones en un comunicado.<\/p>\n<p style=\"text-align: justify;\">Pese a mantener la candidatura del exalcalde de Acapulco, Morena asever\u00f3 en el texto que al igual que el feminismo tambi\u00e9n lucha \u201ccontra la opresi\u00f3n, la violencia, la desigualdad y la injusticia\u201d.<\/p>\n<p style=\"text-align: justify;\">La Comisi\u00f3n Nacional de Elecciones est\u00e1 integrada por Mario Delgado, presidente del Comit\u00e9 Ejecutivo Nacional (CEN); Citlalli Hern\u00e1ndez, secretaria general del mismo; Esther G\u00f3mez, secretaria de la Diversidad Sexual; Carlos Evangelista, secretario de Combate a la Corrupci\u00f3n y Alejandro Pe\u00f1a, senador.<\/p>\n<p style=\"text-align: justify;\">Desde que se conoci\u00f3 la intenci\u00f3n de Morena por otorgar la candidatura del senador con licencia se generaron una serie de protestas y movilizaciones a nivel nacional por las m\u00faltiples denuncias por abusos contra mujeres en su contra. F\u00e9lix Salgado Macedonio hab\u00eda ganado la primera encuesta, realizada en el mes de febrero.<\/p>\n<p style=\"text-align: justify;\">Tras las acusaciones por delitos sexuales como violaci\u00f3n, de las que se hicieron eco feministas, medios y pol\u00edticos, Morena decidi\u00f3 realizar una nueva encuesta para determinar al candidato del partido, sin quitar al senador de la lista.<\/p>\n<p style=\"text-align: justify;\">La semana pasada, el Instituto Electoral y de Participaci\u00f3n Ciudadana de Guerrero (IEPC) valid\u00f3 la candidatura de Salgado al gobierno de la entidad por Morena, pese a que se emiti\u00f3 una segunda encuesta.<\/p>\n<p style=\"text-align: justify;\">F\u00e9lix Salgado Macedonio tendr\u00eda que renunciar voluntariamente a su candidatura para postular a otra personas.<\/p>\n<p style=\"text-align: justify;\">Otros de los aspirantes a la candidatura por Morena a la gubernatura eran: Adela Rom\u00e1n Ocampo, alcaldesa de Acapulco; Luis Walton Aburto, Nestora Salgado y Beatriz Mojica.<\/p>\n<p style=\"text-align: justify;\"><strong>\u201cSalgado no debi\u00f3 ser incluido en la nueva encuesta\u201d<\/strong><\/p>\n<p style=\"text-align: justify;\">F\u00e9lix Salgado Macedonio \u201cno debi\u00f3 ser incluido\u201d en la reposici\u00f3n de la encuesta para seleccionar al candidato de <img loading=\"lazy\" decoding=\"async\" class=\"alignleft size-medium wp-image-1222683\" src=\"https:\/\/www.acapulco.press\/wp-content\/uploads\/2021\/03\/HAYTORO-375x186.jpg\" alt=\"\" width=\"375\" height=\"186\" \/>Morena a la gubernatura de Guerrero, dijo la diputada federal Lorena Villavicencio Ayala.<\/p>\n<p style=\"text-align: justify;\">Mientras que la senadora Martha Luc\u00eda Micher ratific\u00f3 su llamado a Salgado a que renuncie a la candidatura, debido a los se\u00f1alamientos por violaci\u00f3n sexual en su contra.<\/p>\n<p style=\"text-align: justify;\">Consultadas al respecto de los resultados, ambas legisladoras, que ya se hab\u00edan manifestado mediante un video para pedirle al morenista que se retirara del proceso electoral, insistieron en que el partido debe tomar en cuenta los testimonios en contra del exalcalde de Acapulco.<\/p>\n<p style=\"text-align: justify;\">Lorena Villavicencio puntualiz\u00f3 que Morena debe tomar en cuenta que la ley se\u00f1ala que los candidatos deben cumplir con \u201cel modo honesto de vivir\u201d. Con los nuevos resultados, \u201cno nos resignamos\u201d, expres\u00f3 la legisladora pues \u201ctodav\u00eda existe una posibilidad\u201d para que la Comisi\u00f3n Nacional de Elecciones valore la candidatura de F\u00e9lix Salgado, que ha sido \u201cseriamente cuestionada\u201d a nivel internacional.<\/p>\n<p style=\"text-align: justify;\">Advirti\u00f3 que la candidatura puede tener repercusiones para Morena, no s\u00f3lo en Guerrero sino en otros estados, debido a la exigencia generalizada de las mujeres que \u201cno queremos que siga la impunidad en el pa\u00eds, ni que se les sigue dando impunidad a los agresores\u201d.<\/p>\n<p><a href=\"https:\/\/mariocd.mx\/sobre-el-resultado-de-la-reposicion-del-proceso-de-seleccion-de-la-candidatura-a-la-gubernatura-de-guerrero\/\" target=\"_blank\" rel=\"noopener\">RESOLUTIVO DE LA COMISI\u00d3N NACIONAL DE ELECCIONES<\/a><br \/>\n<img loading=\"lazy\" decoding=\"async\" class=\"alignnone wp-image-1222680 size-large\" src=\"https:\/\/www.acapulco.press\/wp-content\/uploads\/2021\/03\/CNE-RESOLUCION-FSM-840x2600.png\" alt=\"\" width=\"840\" height=\"2600\" \/><\/p>\n","protected":false},"excerpt":{"rendered":"<p>CIUDAD DE M\u00c9XICO * 12 de marzo de 2021. ] Latin Us. La Comisi\u00f3n Nacional de Elecciones de Morena ratific\u00f3 este viernes la candidatura de F\u00e9lix Salgado Macedonio a la gubernatura de Guerrero en los comicios de junio pr\u00f3ximo por ser el \u201cmejor posicionado\u201d en la nueva encuesta que se realiz\u00f3 en el estado. \u201cLa&#8230;<\/p>\n","protected":false},"author":2,"featured_media":1222681,"comment_status":"closed","ping_status":"closed","sticky":false,"template":"","format":"standard","meta":{"footnotes":""},"categories":[1997],"tags":[2732,3257,3483,4636,6173,8467,10255,12055,12677,13625],"class_list":["post-1222679","post","type-post","status-publish","format-standard","has-post-thumbnail","hentry","category-noticias-destacadas","tag-haytoro","tag-adela-roman-ocampo","tag-alcaldesa-de-acapulco-luis-walton-aburto","tag-beatriz-mojica","tag-comision-nacional-de-elecciones-morena","tag-felix-salgado-macedonio","tag-instituto-electoral-y-de-participacion-ciudadana-de-guerrero-iepcgro","tag-lorena-villavicencio-ayala","tag-mario-delgado-carrillo","tag-nestora-salgado"],"_links":{"self":[{"href":"https:\/\/www.acapulcopress.com\/index.php\/wp-json\/wp\/v2\/posts\/1222679","targetHints":{"allow":["GET"]}}],"collection":[{"href":"https:\/\/www.acapulcopress.com\/index.php\/wp-json\/wp\/v2\/posts"}],"about":[{"href":"https:\/\/www.acapulcopress.com\/index.php\/wp-json\/wp\/v2\/types\/post"}],"author":[{"embeddable":true,"href":"https:\/\/www.acapulcopress.com\/index.php\/wp-json\/wp\/v2\/users\/2"}],"replies":[{"embeddable":true,"href":"https:\/\/www.acapulcopress.com\/index.php\/wp-json\/wp\/v2\/comments?post=1222679"}],"version-history":[{"count":0,"href":"https:\/\/www.acapulcopress.com\/index.php\/wp-json\/wp\/v2\/posts\/1222679\/revisions"}],"wp:featuredmedia":[{"embeddable":true,"href":"https:\/\/www.acapulcopress.com\/index.php\/wp-json\/"}],"wp:attachment":[{"href":"https:\/\/www.acapulcopress.com\/index.php\/wp-json\/wp\/v2\/media?parent=1222679"}],"wp:term":[{"taxonomy":"category","embeddable":true,"href":"https:\/\/www.acapulcopress.com\/index.php\/wp-json\/wp\/v2\/categories?post=1222679"},{"taxonomy":"post_tag","embeddable":true,"href":"https:\/\/www.acapulcopress.com\/index.php\/wp-json\/wp\/v2\/tags?post=1222679"}],"curies":[{"name":"wp","href":"https:\/\/api.w.org\/{rel}","templated":true}]}}