{"id":1222688,"date":"2021-03-13T03:01:53","date_gmt":"2021-03-13T09:01:53","guid":{"rendered":"https:\/\/www.acapulcopress.com\/?p=1222688"},"modified":"2021-03-13T03:01:53","modified_gmt":"2021-03-13T09:01:53","slug":"es-un-hecho","status":"publish","type":"post","link":"https:\/\/www.acapulcopress.com\/index.php\/2021\/03\/13\/es-un-hecho\/","title":{"rendered":"Es un hecho\u2026"},"content":{"rendered":"<p style=\"text-align: justify;\">Un Rapid\u00edn<br \/>\n<strong>Con \u00c1ngel Irra Carceda<\/strong><br \/>\n<em>] angelirracar@hotmail.com.<\/em><\/p>\n<p style=\"text-align: justify;\">Es un hecho\u2026<br \/>\nMientras que en Movimiento de Regeneraci\u00f3n Nacional (Morena) contin\u00faan en la incertidumbre respecto a la definici\u00f3n formal de su candidato a la gubernatura de Guerrero, en el PRI siguen avanzando.<\/p>\n<p style=\"text-align: justify;\">El candidato del Revolucionario Institucional, Mario Moreno Arcos, les sigue ganando terreno por todo el estado.<\/p>\n<p>Les guste o no, las distancias en la preferencia ciudadana se han ido acortando entre Mario Moreno y F\u00e9lix Salgado Macedonio, virtual candidato de Morena.<\/p>\n<p style=\"text-align: justify;\">F\u00e9lix Salgado contin\u00faa como puntero, pero el esc\u00e1ndalo medi\u00e1tico al que ha estado sometido, producto de denuncias de violaci\u00f3n sexual en su contra, lo han disminuido.<\/p>\n<p style=\"text-align: justify;\">En la definici\u00f3n del candidato, a Morena se le hizo bolas el engrudo. Mientras que en la alianza PRI-PRD surgi\u00f3 realmente sin problemas la candidatura com\u00fan con Mario Moreno.<\/p>\n<p style=\"text-align: justify;\">El priista ya estuvo en Costa Grande, Acapulco, Costa Chica, Chilpancingo, zona Norte y va por la Tierra Caliente.<\/p>\n<p style=\"text-align: justify;\">La zancada del priista es amplia, mientras que en Morena siguen acalambrados, enredados con sus encuestas. Y eso es muy negativo por la incertidumbre que generan entre sus militantes y simpatizantes.<\/p>\n<p style=\"text-align: justify;\">Si creen que desde \u201cLa Ma\u00f1anera\u201d ganar\u00e1n la gubernatura, est\u00e1n equivocados.<\/p>\n<p style=\"text-align: justify;\">El aliancista Mario Moreno los est\u00e1 rebasando por la derecha.<\/p>\n","protected":false},"excerpt":{"rendered":"<p>Un Rapid\u00edn Con \u00c1ngel Irra Carceda ] angelirracar@hotmail.com. Es un hecho\u2026 Mientras que en Movimiento de Regeneraci\u00f3n Nacional (Morena) contin\u00faan en la incertidumbre respecto a la definici\u00f3n formal de su candidato a la gubernatura de Guerrero, en el PRI siguen avanzando. El candidato del Revolucionario Institucional, Mario Moreno Arcos, les sigue ganando terreno por todo&#8230;<\/p>\n","protected":false},"author":2,"featured_media":1222689,"comment_status":"closed","ping_status":"closed","sticky":false,"template":"","format":"standard","meta":{"footnotes":""},"categories":[2071,1991],"tags":[3938,8467,12685,13297,14804,14914,17511],"class_list":["post-1222688","post","type-post","status-publish","format-standard","has-post-thumbnail","hentry","category-opinion-analisis-columnas","category-libertad-de-expresion","tag-angel-irra-carceda","tag-felix-salgado-macedonio","tag-mario-moreno-arcos","tag-morena","tag-prd","tag-pri","tag-un-rapidin"],"_links":{"self":[{"href":"https:\/\/www.acapulcopress.com\/index.php\/wp-json\/wp\/v2\/posts\/1222688","targetHints":{"allow":["GET"]}}],"collection":[{"href":"https:\/\/www.acapulcopress.com\/index.php\/wp-json\/wp\/v2\/posts"}],"about":[{"href":"https:\/\/www.acapulcopress.com\/index.php\/wp-json\/wp\/v2\/types\/post"}],"author":[{"embeddable":true,"href":"https:\/\/www.acapulcopress.com\/index.php\/wp-json\/wp\/v2\/users\/2"}],"replies":[{"embeddable":true,"href":"https:\/\/www.acapulcopress.com\/index.php\/wp-json\/wp\/v2\/comments?post=1222688"}],"version-history":[{"count":0,"href":"https:\/\/www.acapulcopress.com\/index.php\/wp-json\/wp\/v2\/posts\/1222688\/revisions"}],"wp:featuredmedia":[{"embeddable":true,"href":"https:\/\/www.acapulcopress.com\/index.php\/wp-json\/"}],"wp:attachment":[{"href":"https:\/\/www.acapulcopress.com\/index.php\/wp-json\/wp\/v2\/media?parent=1222688"}],"wp:term":[{"taxonomy":"category","embeddable":true,"href":"https:\/\/www.acapulcopress.com\/index.php\/wp-json\/wp\/v2\/categories?post=1222688"},{"taxonomy":"post_tag","embeddable":true,"href":"https:\/\/www.acapulcopress.com\/index.php\/wp-json\/wp\/v2\/tags?post=1222688"}],"curies":[{"name":"wp","href":"https:\/\/api.w.org\/{rel}","templated":true}]}}