{"id":1222696,"date":"2021-03-13T03:19:08","date_gmt":"2021-03-13T09:19:08","guid":{"rendered":"https:\/\/www.acapulcopress.com\/?p=1222696"},"modified":"2021-03-13T03:19:08","modified_gmt":"2021-03-13T09:19:08","slug":"mario-moreno-congruencia-politica","status":"publish","type":"post","link":"https:\/\/www.acapulcopress.com\/index.php\/2021\/03\/13\/mario-moreno-congruencia-politica\/","title":{"rendered":"Mario Moreno | Congruencia Pol\u00edtica"},"content":{"rendered":"<p style=\"text-align: justify;\"><em>Tercera V\u00eda<\/em><br \/>\n]<strong> Ernesto Rivera Rodr\u00edguez.<\/strong><\/p>\n<p style=\"text-align: justify;\">En la primera semana de campa\u00f1a a la gubernatura del estado por la alianza PRI-PRD, Mario Moreno Arcos, ha mostrado la madera de la que est\u00e1 formado plano por plano, de ah\u00ed que de inicio a formalizado lo que podamos armar como la m\u00e9dula de su proyecto de campa\u00f1a congruencia pol\u00edtico, econ\u00f3mica y social.<\/p>\n<p style=\"text-align: justify;\">Su slogan \u00abRespeto por Guerrero\u00bb ha causado escozor, desde la clase pol\u00edtica tradicional y en los mismos medios de comunicaci\u00f3n, su respuesta dada con firmeza demostr\u00f3 de lo que est\u00e1 hecho: \u00abguerrerense de tiempo completo\u00bb, su primer acuerdo firmado ante Notario P\u00fablico, de \u00abIgualdad, Paridad y No violencia contra las mujeres en raz\u00f3n de g\u00e9nero\u00bb con el Colectivo Feminista 50+1, es un compromiso cardinal de su slogan comprometiendo al sector femenil a la vida activa y emprendedora sin exclusi\u00f3n de una sola.<\/p>\n<p style=\"text-align: justify;\">La b\u00fasqueda de soluciones a problemas a\u00f1ejos parten desde la implementaci\u00f3n de pol\u00edticas con profundo consenso como las mencionadas en sus compromisos con ganaderos y agricultores de la Costa Grande, que se impulsar\u00e1n con programas y presupuestos sin referentes en un cambio de paradigmas hasta hoy no aplicados y cuyas bases sociales han sido ejecutadas desde la presente administraci\u00f3n con el mayor sentido humano, que hoy adquieren relevancia con sus propias palabras, cuando afirma que, \u00abaqu\u00ed no cabe el pleito, aqu\u00ed si buscamos el bien com\u00fan\u00bb, dicho bajo el peso de la pandemia del Covid-19,que ya a cumplido un a\u00f1o, miles de muertos y una econom\u00eda desbastada y que hoy Mario Moreno Arcos candidato de la alianza PRD-PRI se ha comprometido con pol\u00edticas aliancistas lograr el desarrollo de la regi\u00f3n.<\/p>\n<p style=\"text-align: justify;\">Lo que viene impulsando en su discurso es el nuevo sentido de la unidad abrazando la gran diversidad cultural de la Costa Chica, y que ante la adversidad de la pandemia que le ha costado a Guerrero incontables perdidas humanos y da\u00f1os a la econom\u00eda, su llamado se reafirma en el rostro de los costachiquenses, que han hecho suyo la demanda del candidato aliancista de abrir nuevos y firmes destinos tur\u00edsticos, de lo que llamo el \u00ab4o Polo Tur\u00edstico\u00bb apoyado con la riqueza humana social y natural de la regi\u00f3n, c\u00f3mo el rescate de su potencial agr\u00edcola y ganadero como regi\u00f3n clave del desarrollo guerrerense.<\/p>\n","protected":false},"excerpt":{"rendered":"<p>Tercera V\u00eda ] Ernesto Rivera Rodr\u00edguez. En la primera semana de campa\u00f1a a la gubernatura del estado por la alianza PRI-PRD, Mario Moreno Arcos, ha mostrado la madera de la que est\u00e1 formado plano por plano, de ah\u00ed que de inicio a formalizado lo que podamos armar como la m\u00e9dula de su proyecto de campa\u00f1a&#8230;<\/p>\n","protected":false},"author":2,"featured_media":1219632,"comment_status":"closed","ping_status":"closed","sticky":false,"template":"","format":"standard","meta":{"footnotes":""},"categories":[2071,1991],"tags":[8063,12685,17071],"class_list":["post-1222696","post","type-post","status-publish","format-standard","has-post-thumbnail","hentry","category-opinion-analisis-columnas","category-libertad-de-expresion","tag-ernesto-rivera-rodriguez","tag-mario-moreno-arcos","tag-tercera-via"],"_links":{"self":[{"href":"https:\/\/www.acapulcopress.com\/index.php\/wp-json\/wp\/v2\/posts\/1222696","targetHints":{"allow":["GET"]}}],"collection":[{"href":"https:\/\/www.acapulcopress.com\/index.php\/wp-json\/wp\/v2\/posts"}],"about":[{"href":"https:\/\/www.acapulcopress.com\/index.php\/wp-json\/wp\/v2\/types\/post"}],"author":[{"embeddable":true,"href":"https:\/\/www.acapulcopress.com\/index.php\/wp-json\/wp\/v2\/users\/2"}],"replies":[{"embeddable":true,"href":"https:\/\/www.acapulcopress.com\/index.php\/wp-json\/wp\/v2\/comments?post=1222696"}],"version-history":[{"count":0,"href":"https:\/\/www.acapulcopress.com\/index.php\/wp-json\/wp\/v2\/posts\/1222696\/revisions"}],"wp:featuredmedia":[{"embeddable":true,"href":"https:\/\/www.acapulcopress.com\/index.php\/wp-json\/"}],"wp:attachment":[{"href":"https:\/\/www.acapulcopress.com\/index.php\/wp-json\/wp\/v2\/media?parent=1222696"}],"wp:term":[{"taxonomy":"category","embeddable":true,"href":"https:\/\/www.acapulcopress.com\/index.php\/wp-json\/wp\/v2\/categories?post=1222696"},{"taxonomy":"post_tag","embeddable":true,"href":"https:\/\/www.acapulcopress.com\/index.php\/wp-json\/wp\/v2\/tags?post=1222696"}],"curies":[{"name":"wp","href":"https:\/\/api.w.org\/{rel}","templated":true}]}}