{"id":1222733,"date":"2021-03-16T13:27:26","date_gmt":"2021-03-16T19:27:26","guid":{"rendered":"https:\/\/www.acapulcopress.com\/?p=1222733"},"modified":"2021-03-16T13:27:26","modified_gmt":"2021-03-16T19:27:26","slug":"que-haran-luis-walton-y-bety-mojica","status":"publish","type":"post","link":"https:\/\/www.acapulcopress.com\/index.php\/2021\/03\/16\/que-haran-luis-walton-y-bety-mojica\/","title":{"rendered":"\u00bfQu\u00e9 har\u00e1n Luis Walton y Bety Mojica?"},"content":{"rendered":"<p style=\"text-align: justify;\">Un Rapid\u00edn<br \/>\n] Con <strong>\u00c1ngel Irra Carceda<\/strong><br \/>\n<em>|\u00a0 angelirracar@hotmail.com.<\/em><\/p>\n<p style=\"text-align: justify;\">El propio dirigente nacional de Morena, Mario Delgado Carrillo, revel\u00f3 lo que ya se presum\u00eda. La farsa de la encuesta que, finalmente, ratific\u00f3 la candidatura de F\u00e9lix Salgado Macedonio.<\/p>\n<p style=\"text-align: justify;\">Lo hizo en entrevista con la periodista Carmen Aristegui. De plano admiti\u00f3 que ni el empresario acapulque\u00f1o Luis Walton Aburto ni la ex perredista, Beatriz Mojica Morga, fueron tomados en cuenta en esa encuesta definitoria.<\/p>\n<p style=\"text-align: justify;\">Con desparpajo, le solt\u00f3 a la periodista: \u201cEl caso de Walton es muy sencillo; la actitud que tuvo despu\u00e9s de haber perdido la encuesta, pues no fue la m\u00e1s adecuada. No se vale. No se vale patear la puerta y despu\u00e9s querer volver a entrar\u201d.<\/p>\n<p style=\"text-align: justify;\">\u00a1Sopas, perico!<\/p>\n<p style=\"text-align: justify;\">Y no conforme con ese gancho al h\u00edgado, lanz\u00f3 otro golpe directo al ment\u00f3n del empresario gasolinero: \u201cEntonces no se vale participar, luego desconocer los resultados y luego querer participar de nuevo\u201d.<\/p>\n<p style=\"text-align: justify;\">De Bety Mojica, Mario Delgado record\u00f3 que la excluyeron de la encuesta por su pasado respaldo al candidato presidencial del PAN, Ricardo Anaya; porque es muy reciente su incorporaci\u00f3n al movimiento morenista y, adem\u00e1s, porque en Morena gener\u00f3 mucha indignaci\u00f3n que la aceptaran.<\/p>\n<p style=\"text-align: justify;\">As\u00ed las cosas en Morena, donde presumieron de un proceso democr\u00e1tico a carta cabal para designar candidato a la gubernatura de Guerrero.<\/p>\n<p style=\"text-align: justify;\">Se la pasaron de maroma tras maroma para tomar una decisi\u00f3n ya ordenada desde el principio en ese proceso \u201cdemocr\u00e1tico\u201d, desde el Palacio de ya saben que personaje (AMLO).<\/p>\n<p style=\"text-align: justify;\">Con claridad se observa que a los dos mencionados \u00fanicamente los utilizaron, igual que a otros aspirantes a la candidatura por la gubernatura de Guerrero.<\/p>\n<p style=\"text-align: justify;\">Ahora, \u00bfLuis Walton y Bety Mojica se mantendr\u00e1n firmes en su apoyo a Morena y a su candidato a gobernador de Guerrero?<\/p>\n<p style=\"text-align: justify;\">Lo digo porque con sus directas y groseras declaraciones, Mario Delgado Carrillo les solt\u00f3 en la cara que nada ten\u00edan que hacer en la definici\u00f3n del candidato de Morena.<\/p>\n<p style=\"text-align: justify;\">\u00a1Los chamaquearon, pues!<\/p>\n","protected":false},"excerpt":{"rendered":"<p>Un Rapid\u00edn ] Con \u00c1ngel Irra Carceda |\u00a0 angelirracar@hotmail.com. El propio dirigente nacional de Morena, Mario Delgado Carrillo, revel\u00f3 lo que ya se presum\u00eda. La farsa de la encuesta que, finalmente, ratific\u00f3 la candidatura de F\u00e9lix Salgado Macedonio. Lo hizo en entrevista con la periodista Carmen Aristegui. De plano admiti\u00f3 que ni el empresario acapulque\u00f1o&#8230;<\/p>\n","protected":false},"author":2,"featured_media":1222744,"comment_status":"closed","ping_status":"closed","sticky":false,"template":"","format":"standard","meta":{"footnotes":""},"categories":[2071,1991],"tags":[3938,4637,8467,12218,12677,13297,17511],"class_list":["post-1222733","post","type-post","status-publish","format-standard","has-post-thumbnail","hentry","category-opinion-analisis-columnas","category-libertad-de-expresion","tag-angel-irra-carceda","tag-beatriz-mojica-morga","tag-felix-salgado-macedonio","tag-luis-walton-aburto","tag-mario-delgado-carrillo","tag-morena","tag-un-rapidin"],"_links":{"self":[{"href":"https:\/\/www.acapulcopress.com\/index.php\/wp-json\/wp\/v2\/posts\/1222733","targetHints":{"allow":["GET"]}}],"collection":[{"href":"https:\/\/www.acapulcopress.com\/index.php\/wp-json\/wp\/v2\/posts"}],"about":[{"href":"https:\/\/www.acapulcopress.com\/index.php\/wp-json\/wp\/v2\/types\/post"}],"author":[{"embeddable":true,"href":"https:\/\/www.acapulcopress.com\/index.php\/wp-json\/wp\/v2\/users\/2"}],"replies":[{"embeddable":true,"href":"https:\/\/www.acapulcopress.com\/index.php\/wp-json\/wp\/v2\/comments?post=1222733"}],"version-history":[{"count":0,"href":"https:\/\/www.acapulcopress.com\/index.php\/wp-json\/wp\/v2\/posts\/1222733\/revisions"}],"wp:featuredmedia":[{"embeddable":true,"href":"https:\/\/www.acapulcopress.com\/index.php\/wp-json\/"}],"wp:attachment":[{"href":"https:\/\/www.acapulcopress.com\/index.php\/wp-json\/wp\/v2\/media?parent=1222733"}],"wp:term":[{"taxonomy":"category","embeddable":true,"href":"https:\/\/www.acapulcopress.com\/index.php\/wp-json\/wp\/v2\/categories?post=1222733"},{"taxonomy":"post_tag","embeddable":true,"href":"https:\/\/www.acapulcopress.com\/index.php\/wp-json\/wp\/v2\/tags?post=1222733"}],"curies":[{"name":"wp","href":"https:\/\/api.w.org\/{rel}","templated":true}]}}