{"id":1222784,"date":"2021-03-16T20:17:36","date_gmt":"2021-03-17T02:17:36","guid":{"rendered":"https:\/\/www.acapulcopress.com\/?p=1222784"},"modified":"2021-03-16T20:17:36","modified_gmt":"2021-03-17T02:17:36","slug":"uagro-invita-a-conferencias-virtuales-del-programa-de-concientizacion-de-ciberseguridad","status":"publish","type":"post","link":"https:\/\/www.acapulcopress.com\/index.php\/2021\/03\/16\/uagro-invita-a-conferencias-virtuales-del-programa-de-concientizacion-de-ciberseguridad\/","title":{"rendered":"UAGro invita a conferencias virtuales del Programa de Concientizaci\u00f3n de Ciberseguridad"},"content":{"rendered":"<p>CHILPANCINGO * 16 de marzo de 2021.<br \/>\n<em>] UAGro.<\/em><\/p>\n<p style=\"text-align: justify;\">En coordinaci\u00f3n con <em>MetaRed M\u00e9xico<\/em> y el Instituto de Ciberseguridad de Espa\u00f1a, el Rector de UAGro, Javier Salda\u00f1a Almaz\u00e1n, invita a la comunidad universitaria a presenciar las conferencias virtuales del Programa de Concientizaci\u00f3n de Ciberseguridad, las cuales inician el pr\u00f3ximo 27 de marzo.<\/p>\n","protected":false},"excerpt":{"rendered":"<p>CHILPANCINGO * 16 de marzo de 2021. ] UAGro. En coordinaci\u00f3n con MetaRed M\u00e9xico y el Instituto de Ciberseguridad de Espa\u00f1a, el Rector de UAGro, Javier Salda\u00f1a Almaz\u00e1n, invita a la comunidad universitaria a presenciar las conferencias virtuales del Programa de Concientizaci\u00f3n de Ciberseguridad, las cuales inician el pr\u00f3ximo 27 de marzo.<\/p>\n","protected":false},"author":2,"featured_media":1222785,"comment_status":"closed","ping_status":"closed","sticky":false,"template":"","format":"standard","meta":{"footnotes":""},"categories":[18561,2016],"tags":[6705,10205,10644,12989,17463,17610],"class_list":["post-1222784","post","type-post","status-publish","format-standard","has-post-thumbnail","hentry","category-society-politics","category-uagro-society-politics","tag-covid19","tag-instituto-de-ciberseguridad-de-espana","tag-javier-saldana-almazan","tag-metared-mexico","tag-uagro","tag-universidad-autonoma-de-guerrero-uagro"],"_links":{"self":[{"href":"https:\/\/www.acapulcopress.com\/index.php\/wp-json\/wp\/v2\/posts\/1222784","targetHints":{"allow":["GET"]}}],"collection":[{"href":"https:\/\/www.acapulcopress.com\/index.php\/wp-json\/wp\/v2\/posts"}],"about":[{"href":"https:\/\/www.acapulcopress.com\/index.php\/wp-json\/wp\/v2\/types\/post"}],"author":[{"embeddable":true,"href":"https:\/\/www.acapulcopress.com\/index.php\/wp-json\/wp\/v2\/users\/2"}],"replies":[{"embeddable":true,"href":"https:\/\/www.acapulcopress.com\/index.php\/wp-json\/wp\/v2\/comments?post=1222784"}],"version-history":[{"count":0,"href":"https:\/\/www.acapulcopress.com\/index.php\/wp-json\/wp\/v2\/posts\/1222784\/revisions"}],"wp:featuredmedia":[{"embeddable":true,"href":"https:\/\/www.acapulcopress.com\/index.php\/wp-json\/"}],"wp:attachment":[{"href":"https:\/\/www.acapulcopress.com\/index.php\/wp-json\/wp\/v2\/media?parent=1222784"}],"wp:term":[{"taxonomy":"category","embeddable":true,"href":"https:\/\/www.acapulcopress.com\/index.php\/wp-json\/wp\/v2\/categories?post=1222784"},{"taxonomy":"post_tag","embeddable":true,"href":"https:\/\/www.acapulcopress.com\/index.php\/wp-json\/wp\/v2\/tags?post=1222784"}],"curies":[{"name":"wp","href":"https:\/\/api.w.org\/{rel}","templated":true}]}}