{"id":1222790,"date":"2021-03-16T20:41:22","date_gmt":"2021-03-17T02:41:22","guid":{"rendered":"https:\/\/www.acapulcopress.com\/?p=1222790"},"modified":"2021-03-16T20:41:22","modified_gmt":"2021-03-17T02:41:22","slug":"fgegro-en-colaboracion-con-fiscalia-de-yucatan-captura-un-violador-en-acapulco","status":"publish","type":"post","link":"https:\/\/www.acapulcopress.com\/index.php\/2021\/03\/16\/fgegro-en-colaboracion-con-fiscalia-de-yucatan-captura-un-violador-en-acapulco\/","title":{"rendered":"#FGEGro, en colaboraci\u00f3n con Fiscal\u00eda de Yucat\u00e1n, captura un violador en Acapulco"},"content":{"rendered":"<p style=\"text-align: justify;\">CHILPANCINGO * 16 de marzo de 2021.<br \/>\n<em>] <a href=\"https:\/\/fiscaliaguerrero.gob.mx\" target=\"_blank\" rel=\"noopener\">https:\/\/fiscaliaguerrero.gob.mx<\/a>.<\/em><\/p>\n<p style=\"text-align: justify;\">Polic\u00edas Ministeriales de la Fiscal\u00eda General de Guerrero en colaboraci\u00f3n con la Fiscal\u00eda de Yucat\u00e1n dieron cumplimiento a la orden de aprehensi\u00f3n en contra de Alfredo \u00abN\u00bb, acusado como probable responsable del delito de Violaci\u00f3n Agravada a menor en Acapulco.<\/p>\n<p style=\"text-align: justify;\">El imputado es se\u00f1alado en la carpeta judicial C-43\/2021 de cometer el delito en el interior de un domicilio de la colonia 20 de Noviembre.<\/p>\n<p style=\"text-align: justify;\">Se libr\u00f3 orden de aprehensi\u00f3n en contra de Alfredo \u00abN\u00bb, la misma que fue cumplimentada por la Polic\u00eda Ministerial de Guerrero en colaboraci\u00f3n con elementos de Yucat\u00e1n, siendo trasladado a Chilpancingo para certificaci\u00f3n del m\u00e9dico legista, para posteriormente ser puesto a disposici\u00f3n del Juez correspondiente en la ciudad de Acapulco, qui\u00e9n determinar\u00e1 la situaci\u00f3n jur\u00eddica.<\/p>\n<p style=\"text-align: justify;\">La Fiscal\u00eda General del Estado continuar\u00e1 investigando los delitos del fuero com\u00fan y con especial seguimiento los cometidos en temas de igualdad de g\u00e9nero y menores de edad en el estado de Guerrero.<\/p>\n","protected":false},"excerpt":{"rendered":"<p>CHILPANCINGO * 16 de marzo de 2021. ] https:\/\/fiscaliaguerrero.gob.mx. Polic\u00edas Ministeriales de la Fiscal\u00eda General de Guerrero en colaboraci\u00f3n con la Fiscal\u00eda de Yucat\u00e1n dieron cumplimiento a la orden de aprehensi\u00f3n en contra de Alfredo \u00abN\u00bb, acusado como probable responsable del delito de Violaci\u00f3n Agravada a menor en Acapulco. El imputado es se\u00f1alado en la&#8230;<\/p>\n","protected":false},"author":2,"featured_media":1222791,"comment_status":"closed","ping_status":"closed","sticky":false,"template":"","format":"standard","meta":{"footnotes":""},"categories":[18561,2005],"tags":[8682,10946,14737],"class_list":["post-1222790","post","type-post","status-publish","format-standard","has-post-thumbnail","hentry","category-society-politics","category-seguridad-y-justicia","tag-fiscalia-general-de-guerrero-fge","tag-jorge-zuriel-de-los-santos-barrila","tag-policia-ministerial-de-guerrero"],"_links":{"self":[{"href":"https:\/\/www.acapulcopress.com\/index.php\/wp-json\/wp\/v2\/posts\/1222790","targetHints":{"allow":["GET"]}}],"collection":[{"href":"https:\/\/www.acapulcopress.com\/index.php\/wp-json\/wp\/v2\/posts"}],"about":[{"href":"https:\/\/www.acapulcopress.com\/index.php\/wp-json\/wp\/v2\/types\/post"}],"author":[{"embeddable":true,"href":"https:\/\/www.acapulcopress.com\/index.php\/wp-json\/wp\/v2\/users\/2"}],"replies":[{"embeddable":true,"href":"https:\/\/www.acapulcopress.com\/index.php\/wp-json\/wp\/v2\/comments?post=1222790"}],"version-history":[{"count":0,"href":"https:\/\/www.acapulcopress.com\/index.php\/wp-json\/wp\/v2\/posts\/1222790\/revisions"}],"wp:featuredmedia":[{"embeddable":true,"href":"https:\/\/www.acapulcopress.com\/index.php\/wp-json\/"}],"wp:attachment":[{"href":"https:\/\/www.acapulcopress.com\/index.php\/wp-json\/wp\/v2\/media?parent=1222790"}],"wp:term":[{"taxonomy":"category","embeddable":true,"href":"https:\/\/www.acapulcopress.com\/index.php\/wp-json\/wp\/v2\/categories?post=1222790"},{"taxonomy":"post_tag","embeddable":true,"href":"https:\/\/www.acapulcopress.com\/index.php\/wp-json\/wp\/v2\/tags?post=1222790"}],"curies":[{"name":"wp","href":"https:\/\/api.w.org\/{rel}","templated":true}]}}