{"id":1222797,"date":"2021-03-16T20:56:48","date_gmt":"2021-03-17T02:56:48","guid":{"rendered":"https:\/\/www.acapulcopress.com\/?p=1222797"},"modified":"2021-03-16T20:56:48","modified_gmt":"2021-03-17T02:56:48","slug":"alista-amlo-regreso-a-clases-presenciales","status":"publish","type":"post","link":"https:\/\/www.acapulcopress.com\/index.php\/2021\/03\/16\/alista-amlo-regreso-a-clases-presenciales\/","title":{"rendered":"Alista AMLO regreso a clases presenciales"},"content":{"rendered":"<p style=\"text-align: justify;\"><strong>* Despu\u00e9s de Semana Santa, Campeche ser\u00e1 el primer estado con regreso a clases presenciales.<\/strong><\/p>\n<p>CIUDAD DE M\u00c9XICO * 16 de marzo de 2021.<br \/>\n<em>] Gobierno de M\u00e9xico.<\/em><\/p>\n<p style=\"text-align: justify;\">Con el objetivo de regresar a clases presenciales, el presidente Andr\u00e9s Manuel L\u00f3pez Obrador indic\u00f3 que gradualmente se vacunar\u00e1 a personal educativo de estados en sem\u00e1foro verde.<\/p>\n<p style=\"text-align: justify;\">\u201cUna vez que comience Campeche vamos a ir incorporando a otros estados, siempre que est\u00e9n todos los maestros y maestras, trabajadores de la educaci\u00f3n vacunados y todos los adultos mayores de 60 a\u00f1os, m\u00e1s protocolos y cuidados, todo con el prop\u00f3sito de ir regresando a la normalidad educativa porque la escuela es el segundo hogar y nos hace falta que est\u00e9n los ni\u00f1os, las ni\u00f1as, los estudiantes en las escuelas\u201d, explic\u00f3.<\/p>\n<p style=\"text-align: justify;\">En conferencia de prensa matutina hizo un nuevo llamado a las personas adultas mayores de 60 a\u00f1os habitantes de Campeche a vacunarse contra COVID-19 el pr\u00f3ximo fin de semana.<\/p>\n<p style=\"text-align: justify;\">Dijo que una vez que est\u00e9n protegidas, al igual que las y los maestros de escuelas de educaci\u00f3n p\u00fablica y privada, ser\u00e1 posible volver a las aulas.<\/p>\n<p style=\"text-align: justify;\">\u201cRegresando de Semana Santa. Ser\u00eda el primer estado. Una vez vacunados todos los maestros, las maestras, los trabajadores de educaci\u00f3n y los adultos mayores y tambi\u00e9n con un protocolo de cuidados\u201d, remarc\u00f3.<\/p>\n<p style=\"text-align: justify;\">Record\u00f3 que se adelantar\u00e1n los recursos del programa<em> La Escuela es Nuestra<\/em> para adecuar las instalaciones educativas a las necesidades de seguridad sanitaria.<\/p>\n<p style=\"text-align: justify;\">El secretario de Salud, Jorge Alcocer Varela, resalt\u00f3 que el Gobierno de M\u00e9xico, a trav\u00e9s de las secretar\u00edas de Salud y de Educaci\u00f3n P\u00fablica, junto con el Grupo Asesor Cient\u00edfico, prepara la reapertura de las escuelas en todos los niveles educativos.<\/p>\n<p style=\"text-align: justify;\">Expuso que M\u00e9xico y varios pa\u00edses del mundo muestran una disminuci\u00f3n en lo general en el n\u00famero de casos activos, las defunciones y la ocupaci\u00f3n de camas generales y con ventilador.<\/p>\n<p style=\"text-align: justify;\">Sin embargo pidi\u00f3 a la poblaci\u00f3n cooperar con disciplina y solidaridad para evitar que haya una tercera ola de contagios. Sostuvo que nadie debe confiarse y es necesario mantener las medidas de prevenci\u00f3n.<\/p>\n<p style=\"text-align: justify;\">A 11 semanas del inicio del Plan Nacional de Vacunaci\u00f3n avanza la aplicaci\u00f3n de dosis a grupos prioritarios: personal de salud al frente de la emergencia sanitaria y personas adultas mayores de 60 a\u00f1os.<\/p>\n<p style=\"text-align: justify;\">El 15 de marzo se aplicaron m\u00e1s de 79 mil 962 dosis y ya suman 4 millones 432 mil 962 dosis aplicadas desde diciembre.<\/p>\n<p style=\"text-align: justify;\">La ma\u00f1ana de este martes llegaron a M\u00e9xico 667 mil 875 dosis de la vacuna Pfizer-BioNTech. Cada semana arriba al pa\u00eds un nuevo cargamento, lo que garantiza la continuidad del Plan Nacional de Vacunaci\u00f3n contra COVID-19.<\/p>\n<p style=\"text-align: justify;\">\u201cHabr\u00e1 vacunas para todas y todos, en su momento ser\u00e1n aplicadas\u201d, remarc\u00f3 el subsecretario de prevenci\u00f3n y promoci\u00f3n de la salud, Hugo L\u00f3pez-Gatell Ram\u00edrez.<\/p>\n<p style=\"text-align: justify;\">Inform\u00f3 que los 6 millones 492 mil 385 dosis de vacunas se distribuyen por tipo de la siguiente manera: 3 millones 222 mil 385 de Pfizer BioNTech, 870 mil de AstraZeneca, 2 millones de SinoVac y 400 mil de Sputnik V.<\/p>\n<p style=\"text-align: justify;\">El secretario de Relaciones Exteriores, Marcelo Ebrard Casaubon, afirm\u00f3 que se acelerar\u00e1 la llegada de m\u00e1s dosis a M\u00e9xico.<\/p>\n<p style=\"text-align: justify;\">Detall\u00f3 que se espera el env\u00edo de 658 mil 125 dosis de Pfizer para el 23 de marzo, un mill\u00f3n de dosis de SinoVac para el 27 de marzo, 500 mil dosis de Sputnik V para el 22 de marzo, 6 millones a granel para el 24 de marzo y al final del mes, 65 mil de la vacuna unidosis de CanSino Bio.<\/p>\n<p style=\"text-align: justify;\">El secretario de la Defensa Nacional, Luis Cresencio Sandoval, dio a conocer la distribuci\u00f3n de las vacunas en todo el pa\u00eds. Especific\u00f3 los puntos de vacunaci\u00f3n en la Ciudad de M\u00e9xico para la aplicaci\u00f3n de la segunda dosis.<\/p>\n<p style=\"text-align: justify;\">En Xochimilco, se realizar\u00e1 en instalaciones de la Marina y en el Centro Deportivo de la alcald\u00eda; en Iztacalco, en la Escuela Superior de Educaci\u00f3n F\u00edsica y en el Palacio de los Deportes, y en Tl\u00e1huac, en el Hospital del ISSSTE y en la Cl\u00ednica de Colposcop\u00eda.<\/p>\n","protected":false},"excerpt":{"rendered":"<p>* Despu\u00e9s de Semana Santa, Campeche ser\u00e1 el primer estado con regreso a clases presenciales. CIUDAD DE M\u00c9XICO * 16 de marzo de 2021. ] Gobierno de M\u00e9xico. Con el objetivo de regresar a clases presenciales, el presidente Andr\u00e9s Manuel L\u00f3pez Obrador indic\u00f3 que gradualmente se vacunar\u00e1 a personal educativo de estados en sem\u00e1foro verde&#8230;.<\/p>\n","protected":false},"author":2,"featured_media":1222798,"comment_status":"closed","ping_status":"closed","sticky":false,"template":"","format":"standard","meta":{"footnotes":""},"categories":[1997],"tags":[3793,6705,11545,13772,17740],"class_list":["post-1222797","post","type-post","status-publish","format-standard","has-post-thumbnail","hentry","category-noticias-destacadas","tag-amlo","tag-covid19","tag-la-escuela-es-nuestra","tag-noticias-de-amlo","tag-vacuna-pfizer-biontech"],"_links":{"self":[{"href":"https:\/\/www.acapulcopress.com\/index.php\/wp-json\/wp\/v2\/posts\/1222797","targetHints":{"allow":["GET"]}}],"collection":[{"href":"https:\/\/www.acapulcopress.com\/index.php\/wp-json\/wp\/v2\/posts"}],"about":[{"href":"https:\/\/www.acapulcopress.com\/index.php\/wp-json\/wp\/v2\/types\/post"}],"author":[{"embeddable":true,"href":"https:\/\/www.acapulcopress.com\/index.php\/wp-json\/wp\/v2\/users\/2"}],"replies":[{"embeddable":true,"href":"https:\/\/www.acapulcopress.com\/index.php\/wp-json\/wp\/v2\/comments?post=1222797"}],"version-history":[{"count":0,"href":"https:\/\/www.acapulcopress.com\/index.php\/wp-json\/wp\/v2\/posts\/1222797\/revisions"}],"wp:featuredmedia":[{"embeddable":true,"href":"https:\/\/www.acapulcopress.com\/index.php\/wp-json\/"}],"wp:attachment":[{"href":"https:\/\/www.acapulcopress.com\/index.php\/wp-json\/wp\/v2\/media?parent=1222797"}],"wp:term":[{"taxonomy":"category","embeddable":true,"href":"https:\/\/www.acapulcopress.com\/index.php\/wp-json\/wp\/v2\/categories?post=1222797"},{"taxonomy":"post_tag","embeddable":true,"href":"https:\/\/www.acapulcopress.com\/index.php\/wp-json\/wp\/v2\/tags?post=1222797"}],"curies":[{"name":"wp","href":"https:\/\/api.w.org\/{rel}","templated":true}]}}