{"id":1222816,"date":"2021-03-16T22:09:35","date_gmt":"2021-03-17T04:09:35","guid":{"rendered":"https:\/\/www.acapulcopress.com\/?p=1222816"},"modified":"2021-03-16T22:09:35","modified_gmt":"2021-03-17T04:09:35","slug":"no-vengan-a-estados-unidos-dice-biden-a-migrantes","status":"publish","type":"post","link":"https:\/\/www.acapulcopress.com\/index.php\/2021\/03\/16\/no-vengan-a-estados-unidos-dice-biden-a-migrantes\/","title":{"rendered":"\u00abNo vengan a Estados Unidos\u00bb, dice Biden a migrantes"},"content":{"rendered":"<p style=\"text-align: justify;\">\nWASHINGTON * 16 de marzo de 2021.<br \/>\n<em>] <a href=\"https:\/\/www.efe.com\/efe\/america\/mexico\/biden-a-los-migrantes-no-vengan-estados-unidos\/50000545-4489808\" target=\"_blank\" rel=\"noopener\">Efe<\/a>.<\/em><\/p>\n<p style=\"text-align: justify;\">El presidente estadounidense, Joe Biden, pidi\u00f3 este martes a los menores y familias indocumentadas que protagonizan la \u00faltima oleada migratoria a Estados Unidos que se queden en sus pa\u00edses. \u00abNo vengan (a Estados Unidos). No se vayan de su pueblo, ciudad o comunidad\u00bb, dijo Biden en una entrevista con ABC News que se emitir\u00e1 este mi\u00e9rcoles, pero de la que la cadena adelant\u00f3 hoy algunas partes.<\/p>\n<p style=\"text-align: justify;\">Este fue el mensaje que dio Biden al auge de menores de edad no acompa\u00f1ados que en las \u00faltimas semanas est\u00e1n cruzando sin papeles de M\u00e9xico a territorio estadounidense pese al cierre de la frontera por las restricciones de la pandemia. La Casa Blanca afronta una creciente presi\u00f3n para responder a la situaci\u00f3n de los miles de menores indocumentados que se encuentran en centros de detenci\u00f3n de las autoridades fronterizas o en albergues del Departamento de Salud y Servicios Humanos (HHS, en ingl\u00e9s).<\/p>\n<p style=\"text-align: justify;\">Seg\u00fan la cadena CBS News, m\u00e1s de 4.200 ni\u00f1os inmigrantes no acompa\u00f1ados permanec\u00edan hasta el domingo en instalaciones de detenci\u00f3n de corto plazo de la Oficina de Aduanas y Protecci\u00f3n Fronteriza (CBP), entre ellas algunas no aptas para albergar menores. Ante esa situaci\u00f3n, Biden envi\u00f3 a comienzos de este mes a una amplia delegaci\u00f3n de sus asesores a visitar la frontera en el estado de Texas y ha tomado varias medidas, como la de movilizar durante 90 d\u00edas a la Agencia Federal de Manejo de Emergencias (FEMA) para atender a los menores. Sin embargo, la Casa Blanca se ha resistido a describir la situaci\u00f3n en la frontera con la palabra \u00abcrisis\u00bb, que s\u00ed utiliza en cambio la oposici\u00f3n republicana, e insiste en que se trata de un \u00abdesaf\u00edo\u00bb y un \u00abgran problema\u00bb.<\/p>\n<p style=\"text-align: justify;\">Preguntado este martes por periodistas, Biden descart\u00f3 visitar \u00abpor ahora\u00bb la frontera con M\u00e9xico. La situaci\u00f3n est\u00e1 siendo utilizada como arma pol\u00edtica por la oposici\u00f3n republicana, que culpa a Biden y a sus anuncios migratorios del auge en la frontera.<\/p>\n","protected":false},"excerpt":{"rendered":"<p>WASHINGTON * 16 de marzo de 2021. ] Efe. El presidente estadounidense, Joe Biden, pidi\u00f3 este martes a los menores y familias indocumentadas que protagonizan la \u00faltima oleada migratoria a Estados Unidos que se queden en sus pa\u00edses. \u00abNo vengan (a Estados Unidos). No se vayan de su pueblo, ciudad o comunidad\u00bb, dijo Biden en&#8230;<\/p>\n","protected":false},"author":2,"featured_media":1222817,"comment_status":"closed","ping_status":"closed","sticky":false,"template":"","format":"standard","meta":{"footnotes":""},"categories":[1969],"tags":[10820,13080],"class_list":["post-1222816","post","type-post","status-publish","format-standard","has-post-thumbnail","hentry","category-trending","tag-joe-biden","tag-migrantes"],"_links":{"self":[{"href":"https:\/\/www.acapulcopress.com\/index.php\/wp-json\/wp\/v2\/posts\/1222816","targetHints":{"allow":["GET"]}}],"collection":[{"href":"https:\/\/www.acapulcopress.com\/index.php\/wp-json\/wp\/v2\/posts"}],"about":[{"href":"https:\/\/www.acapulcopress.com\/index.php\/wp-json\/wp\/v2\/types\/post"}],"author":[{"embeddable":true,"href":"https:\/\/www.acapulcopress.com\/index.php\/wp-json\/wp\/v2\/users\/2"}],"replies":[{"embeddable":true,"href":"https:\/\/www.acapulcopress.com\/index.php\/wp-json\/wp\/v2\/comments?post=1222816"}],"version-history":[{"count":0,"href":"https:\/\/www.acapulcopress.com\/index.php\/wp-json\/wp\/v2\/posts\/1222816\/revisions"}],"wp:featuredmedia":[{"embeddable":true,"href":"https:\/\/www.acapulcopress.com\/index.php\/wp-json\/"}],"wp:attachment":[{"href":"https:\/\/www.acapulcopress.com\/index.php\/wp-json\/wp\/v2\/media?parent=1222816"}],"wp:term":[{"taxonomy":"category","embeddable":true,"href":"https:\/\/www.acapulcopress.com\/index.php\/wp-json\/wp\/v2\/categories?post=1222816"},{"taxonomy":"post_tag","embeddable":true,"href":"https:\/\/www.acapulcopress.com\/index.php\/wp-json\/wp\/v2\/tags?post=1222816"}],"curies":[{"name":"wp","href":"https:\/\/api.w.org\/{rel}","templated":true}]}}