{"id":1222822,"date":"2021-03-16T22:29:44","date_gmt":"2021-03-17T04:29:44","guid":{"rendered":"https:\/\/www.acapulcopress.com\/?p=1222822"},"modified":"2021-03-16T22:29:44","modified_gmt":"2021-03-17T04:29:44","slug":"ejercito-sera-el-propietario-del-tren-maya-revela-gobierno-de-mexico","status":"publish","type":"post","link":"https:\/\/www.acapulcopress.com\/index.php\/2021\/03\/16\/ejercito-sera-el-propietario-del-tren-maya-revela-gobierno-de-mexico\/","title":{"rendered":"Ej\u00e9rcito ser\u00e1 el \u00abpropietario\u00bb del Tren Maya, revela Gobierno de M\u00e9xico"},"content":{"rendered":"<p style=\"text-align: justify;\">CIUDAD DE M\u00c9XICO * 16 de marzo de 2021.<br \/>\n<em>] <a href=\"https:\/\/www.efe.com\/efe\/america\/mexico\/gobierno-de-mexico-revela-que-el-ejercito-sera-propietario-del-tren-maya\/50000545-4489784\" target=\"_blank\" rel=\"noopener\">Efe<\/a>.<\/em><\/p>\n<p style=\"text-align: justify;\">El Ej\u00e9rcito mexicano ser\u00e1 el \u00abpropietario\u00bb del Tren Maya, proyecto insignia del presidente Andr\u00e9s Manuel L\u00f3pez Obrador para el sureste, revel\u00f3 este martes Rogelio Jim\u00e9nez Pons, titular del Fondo Nacional de Fomento al Turismo (Fonatur), organismo encargado de la obra.<\/p>\n<p style=\"text-align: justify;\">Jim\u00e9nez Pons revel\u00f3 al diario El Financiero que todas las ganancias que genere el ferrocarril, que operar\u00e1 a partir de 2023, ir\u00e1n directo a las Fuerzas Armadas en vez de a la Hacienda P\u00fablica.<\/p>\n<p style=\"text-align: justify;\">\u00abEl propietario va a quedar, vamos a conceder todos (los tramos) al Ej\u00e9rcito\u00bb, indic\u00f3 el director general de Fonatur.<\/p>\n<p style=\"text-align: justify;\">Aunque Efe contact\u00f3 a Fonatur en busca de una entrevista con Jim\u00e9nez Pons o un informe, el organismo del Gobierno a\u00fan no comparte una postura oficial con otros medios.<\/p>\n<p style=\"text-align: justify;\">El Tren Maya es un proyecto prioritario de L\u00f3pez Obrador con una inversi\u00f3n de 6.294 millones de d\u00f3lares para cerca de 1.554 kil\u00f3metros en los cincos estados del sureste: Chiapas, Tabasco, Campeche, Yucat\u00e1n y Quintana Roo.<\/p>\n<p style=\"text-align: justify;\">El presidente hab\u00eda adelantado el 20 de diciembre pasado que una empresa del Ej\u00e9rcito administrar\u00eda tres tramos del tren, que ir\u00edan de Tulum, en Quintana Roo, a Palenque, en Chiapas, para pagar pensiones de militares.<\/p>\n<p style=\"text-align: justify;\">Pero este martes Jim\u00e9nez Pons fue m\u00e1s all\u00e1 al calificar de \u00abganadores\u00bb a los soldados porque obtendr\u00e1n de forma directa las ganancias que obtenga el ferrocarril con el transporte de carga, pasajeros de la regi\u00f3n y turistas.<\/p>\n<p style=\"text-align: justify;\">\u00abEst\u00e1 perfecto que sea un premio a las Fuerzas Armadas. Si nosotros tenemos una visi\u00f3n nacionalista de largo plazo patrimonial, que esto sea un negocio, pero del Estado\u00bb, declar\u00f3 al diario.<\/p>\n<p style=\"text-align: justify;\">El director de Fonatur replic\u00f3 los argumentos del presidente al asegurar que entregar el ferrocarril a la Secretar\u00eda de la Defensa Nacional (Sedena) evitar\u00e1 su privatizaci\u00f3n en futuros gobiernos.<\/p>\n<p style=\"text-align: justify;\">Tambi\u00e9n argument\u00f3 que la obra tiene un factor de \u00abseguridad nacional\u00bb por situarse en la frontera sur, donde existen traficantes de migrantes y de drogas.<\/p>\n<p style=\"text-align: justify;\">\u00abNosotros vamos a tratar de hacer que esto sea un negocio en beneficio del mayor n\u00famero de mexicanos, qu\u00e9 mejor que el Ej\u00e9rcito se encargue de este negocio, nos garantiza muchas cosas y particularmente que no se privatice\u00bb, expuso Jim\u00e9nez Pons.<\/p>\n<p style=\"text-align: justify;\">Las Fuerzas Armadas tambi\u00e9n se encargar\u00e1n de construir el tramo 5 norte, el tramo 6 y el 7.<\/p>\n<p style=\"text-align: justify;\">Por orden de L\u00f3pez Obrador, los militares asimismo operar\u00e1n los aeropuertos de Tulum y Chetumal, capital de Quintana Roo; el de Palenque, y el Felipe \u00c1ngeles, en Santa Luc\u00eda, que servir\u00e1 a la zona metropolitana de Ciudad de M\u00e9xico.<\/p>\n<p style=\"text-align: justify;\">Tras revelarse la noticia de este martes, legisladores de oposici\u00f3n acusaron al Gobierno de fomentar la \u00abmilitarizaci\u00f3n\u00bb y de usar la seguridad nacional como excusa para defender al Tren Maya de los cuestionamientos.<\/p>\n<p style=\"text-align: justify;\">\u00abEl fondo no es otorgarle al Ej\u00e9rcito &#8216;beneficios&#8217; con el Tren Maya y aeropuertos, sino pasarse por alto las leyes que norman el presupuesto y los ingresos federales\u00bb, manifest\u00f3 el diputado sin partido Carlos Morales, secretario de la Comisi\u00f3n de Desarrollo Metropolitano, Urbano, Ordenamiento Territorial y Movilidad.<\/p>\n","protected":false},"excerpt":{"rendered":"<p>CIUDAD DE M\u00c9XICO * 16 de marzo de 2021. ] Efe. El Ej\u00e9rcito mexicano ser\u00e1 el \u00abpropietario\u00bb del Tren Maya, proyecto insignia del presidente Andr\u00e9s Manuel L\u00f3pez Obrador para el sureste, revel\u00f3 este martes Rogelio Jim\u00e9nez Pons, titular del Fondo Nacional de Fomento al Turismo (Fonatur), organismo encargado de la obra. Jim\u00e9nez Pons revel\u00f3 al&#8230;<\/p>\n","protected":false},"author":2,"featured_media":1222823,"comment_status":"closed","ping_status":"closed","sticky":false,"template":"","format":"standard","meta":{"footnotes":""},"categories":[1969],"tags":[7647,17370],"class_list":["post-1222822","post","type-post","status-publish","format-standard","has-post-thumbnail","hentry","category-trending","tag-ejercito-de-mexico","tag-tren-maya"],"_links":{"self":[{"href":"https:\/\/www.acapulcopress.com\/index.php\/wp-json\/wp\/v2\/posts\/1222822","targetHints":{"allow":["GET"]}}],"collection":[{"href":"https:\/\/www.acapulcopress.com\/index.php\/wp-json\/wp\/v2\/posts"}],"about":[{"href":"https:\/\/www.acapulcopress.com\/index.php\/wp-json\/wp\/v2\/types\/post"}],"author":[{"embeddable":true,"href":"https:\/\/www.acapulcopress.com\/index.php\/wp-json\/wp\/v2\/users\/2"}],"replies":[{"embeddable":true,"href":"https:\/\/www.acapulcopress.com\/index.php\/wp-json\/wp\/v2\/comments?post=1222822"}],"version-history":[{"count":0,"href":"https:\/\/www.acapulcopress.com\/index.php\/wp-json\/wp\/v2\/posts\/1222822\/revisions"}],"wp:featuredmedia":[{"embeddable":true,"href":"https:\/\/www.acapulcopress.com\/index.php\/wp-json\/"}],"wp:attachment":[{"href":"https:\/\/www.acapulcopress.com\/index.php\/wp-json\/wp\/v2\/media?parent=1222822"}],"wp:term":[{"taxonomy":"category","embeddable":true,"href":"https:\/\/www.acapulcopress.com\/index.php\/wp-json\/wp\/v2\/categories?post=1222822"},{"taxonomy":"post_tag","embeddable":true,"href":"https:\/\/www.acapulcopress.com\/index.php\/wp-json\/wp\/v2\/tags?post=1222822"}],"curies":[{"name":"wp","href":"https:\/\/api.w.org\/{rel}","templated":true}]}}