{"id":1222877,"date":"2021-03-17T20:17:50","date_gmt":"2021-03-18T02:17:50","guid":{"rendered":"https:\/\/www.acapulcopress.com\/?p=1222877"},"modified":"2021-03-17T20:17:50","modified_gmt":"2021-03-18T02:17:50","slug":"propone-senador-anorve-que-salario-de-pensionados-del-issste-se-calcule-en-el-salario-minimo-y-no-en-las-umas","status":"publish","type":"post","link":"https:\/\/www.acapulcopress.com\/index.php\/2021\/03\/17\/propone-senador-anorve-que-salario-de-pensionados-del-issste-se-calcule-en-el-salario-minimo-y-no-en-las-umas\/","title":{"rendered":"Propone Senador A\u00f1orve que salario de pensionados del ISSSTE se calcule en el salario m\u00ednimo y no en las UMA&#8217;s"},"content":{"rendered":"<p style=\"text-align: justify;\">CIUDAD DE M\u00c9XICO * 17 de marzo de 2021.<br \/>\n<em>] Especial.<\/em><\/p>\n<p style=\"text-align: justify;\">El Senador de la Rep\u00fablica Manuel A\u00f1orve Ba\u00f1os firm\u00f3 una iniciativa que va encaminada a apoyar a los guerrerenses que est\u00e1n pensionados por el ISSSTE, la cual pretende que el salario de los pensionados se base en el salario m\u00ednimo y no en la Unidad de Medida Actualizada (UMA).<\/p>\n<p style=\"text-align: justify;\">A\u00f1orve Ba\u00f1os dijo que el principal objetivo de esta propuesta es que las pensiones de los jubilados de PensionISSSTE, se calculen con base en los salarios m\u00ednimos, no en las UMA\u00b4s, para que puedan recibir una pensi\u00f3n m\u00e1s generosa a cambio de los a\u00f1os de gran esfuerzo y trabajo por su pa\u00eds.<\/p>\n<p style=\"text-align: justify;\">El Senador explic\u00f3 que las pensiones, al igual que el salario m\u00ednimo, son conceptos que deben aumentar con cada actualizaci\u00f3n para que los pensionados gocen de un buen nivel de vida y puedan dedicarse a descansar, no a seguir trabajando para poder mantenerse.<\/p>\n<p style=\"text-align: justify;\">Finalmente, refiri\u00f3 que en esta \u00e9poca tan complicada para todos se debe apoyar a los que m\u00e1s lo necesitan.<\/p>\n","protected":false},"excerpt":{"rendered":"<p>CIUDAD DE M\u00c9XICO * 17 de marzo de 2021. ] Especial. El Senador de la Rep\u00fablica Manuel A\u00f1orve Ba\u00f1os firm\u00f3 una iniciativa que va encaminada a apoyar a los guerrerenses que est\u00e1n pensionados por el ISSSTE, la cual pretende que el salario de los pensionados se base en el salario m\u00ednimo y no en la&#8230;<\/p>\n","protected":false},"author":2,"featured_media":1222886,"comment_status":"closed","ping_status":"closed","sticky":false,"template":"","format":"standard","meta":{"footnotes":""},"categories":[1969],"tags":[12366,14473,17544],"class_list":["post-1222877","post","type-post","status-publish","format-standard","has-post-thumbnail","hentry","category-trending","tag-manuel-anorve-banos","tag-pensionissste","tag-unidad-de-medida-actualizada-uma"],"_links":{"self":[{"href":"https:\/\/www.acapulcopress.com\/index.php\/wp-json\/wp\/v2\/posts\/1222877","targetHints":{"allow":["GET"]}}],"collection":[{"href":"https:\/\/www.acapulcopress.com\/index.php\/wp-json\/wp\/v2\/posts"}],"about":[{"href":"https:\/\/www.acapulcopress.com\/index.php\/wp-json\/wp\/v2\/types\/post"}],"author":[{"embeddable":true,"href":"https:\/\/www.acapulcopress.com\/index.php\/wp-json\/wp\/v2\/users\/2"}],"replies":[{"embeddable":true,"href":"https:\/\/www.acapulcopress.com\/index.php\/wp-json\/wp\/v2\/comments?post=1222877"}],"version-history":[{"count":0,"href":"https:\/\/www.acapulcopress.com\/index.php\/wp-json\/wp\/v2\/posts\/1222877\/revisions"}],"wp:featuredmedia":[{"embeddable":true,"href":"https:\/\/www.acapulcopress.com\/index.php\/wp-json\/"}],"wp:attachment":[{"href":"https:\/\/www.acapulcopress.com\/index.php\/wp-json\/wp\/v2\/media?parent=1222877"}],"wp:term":[{"taxonomy":"category","embeddable":true,"href":"https:\/\/www.acapulcopress.com\/index.php\/wp-json\/wp\/v2\/categories?post=1222877"},{"taxonomy":"post_tag","embeddable":true,"href":"https:\/\/www.acapulcopress.com\/index.php\/wp-json\/wp\/v2\/tags?post=1222877"}],"curies":[{"name":"wp","href":"https:\/\/api.w.org\/{rel}","templated":true}]}}