{"id":1222887,"date":"2021-03-17T20:40:38","date_gmt":"2021-03-18T02:40:38","guid":{"rendered":"https:\/\/www.acapulcopress.com\/?p=1222887"},"modified":"2021-03-17T20:40:38","modified_gmt":"2021-03-18T02:40:38","slug":"fge-vinculan-a-proceso-a-violador-de-una-menor-en-iguala-y-a-un-secuestrador-de-tlapa","status":"publish","type":"post","link":"https:\/\/www.acapulcopress.com\/index.php\/2021\/03\/17\/fge-vinculan-a-proceso-a-violador-de-una-menor-en-iguala-y-a-un-secuestrador-de-tlapa\/","title":{"rendered":"FGE vinculan a proceso a violador de una menor en Iguala y a un secuestrador de Tlapa"},"content":{"rendered":"<p style=\"text-align: justify;\">CHILPANCINGO * 17 de marzo de 2021.<br \/>\n<em>]\u00a0<a href=\"https:\/\/fiscaliaguerrero.gob.mx\" target=\"_blank\" rel=\"noopener\">https:\/\/fiscaliaguerrero.gob.mx<\/a>.<\/em><\/p>\n<p style=\"text-align: justify;\">La Fiscal\u00eda General del Estado obtuvo vinculaci\u00f3n a proceso en contra de Gustavo \u00abN\u00bb, acusado como probable responsable del delito de Violaci\u00f3n Equiparada, en la ciudad de Iguala de la Independencia.<\/p>\n<p style=\"text-align: justify;\">De acuerdo a la carpeta judicial C-67\/2021 el delito lo cometi\u00f3 el d\u00eda 14 de marzo del presente a\u00f1o en el domicilio de la menor agraviada quedando detenido por elementos polic\u00edacos.<\/p>\n<p style=\"text-align: justify;\">En audiencia se calific\u00f3 de legal la detenci\u00f3n, el Ministerio P\u00fablico aport\u00f3 los datos de prueba y el Juez de Control vincul\u00f3 a proceso en contra de Gustavo \u00abN\u00bb por delito de Violaci\u00f3n Equiparada a menor de edad; se decret\u00f3 la medida cautelar de prisi\u00f3n preventiva y se estableci\u00f3 un plazo de tres meses de investigaci\u00f3n complementaria quedando interno en el Centro de Reinserci\u00f3n Social de Iguala.<\/p>\n<p style=\"text-align: justify;\">La Fiscal\u00eda General del Estado continuar\u00e1 investigando los delitos del fuero com\u00fan y con especial seguimiento los cometidos en temas de igualdad de g\u00e9nero y menores de edad en el estado de Guerrero.<\/p>\n<p style=\"text-align: justify;\">VINCULAN A PROCESO A SECUESTRADOR DE TLAPA<\/p>\n<p style=\"text-align: justify;\"><img loading=\"lazy\" decoding=\"async\" class=\"alignleft size-medium wp-image-1222890\" src=\"https:\/\/www.acapulco.press\/wp-content\/uploads\/2021\/03\/FGE-JOSE-ARTURO-375x375.jpg\" alt=\"\" width=\"375\" height=\"375\" \/>El Ministerio P\u00fablico adscrito a Tlapa de Comonfort obtuvo vinculaci\u00f3n a proceso en contra de Jos\u00e9 Arturo \u00abN\u00bb, alias \u00abEl Oso\u00bb, acusado como probable responsable del delito de Privaci\u00f3n de la Libertad Personal en agravio de Giovani \u00abN\u00bb.<\/p>\n<p style=\"text-align: justify;\">La v\u00edctima fue privada de su libertad cuando al ir caminando por el Centro de Tlapa, el ahora imputado en complicidad de otra persona, lo interceptaron y fue llevado hasta una casa de seguridad donde lo mantuvieron en cautiverio, hechos en la carpeta judicial C-40\/2021.<\/p>\n<p style=\"text-align: justify;\">Siendo rescatado mediante operativo desplegado por agentes de la Polic\u00eda Investigadora Ministerial de dicha regi\u00f3n en coordinaci\u00f3n con elementos de la Polic\u00eda Estatal.<\/p>\n<p style=\"text-align: justify;\">En apertura de audiencia inicial, el Juez de Control y Enjuiciamiento Penal vincul\u00f3 a proceso a Jos\u00e9 Arturo \u00abN\u00bb, por delito de Privaci\u00f3n de la Libertad Personal, otorgando tres meses de investigaci\u00f3n complementaria, se decret\u00f3 la medida cautelar de prisi\u00f3n preventiva y qued\u00f3 interno en el Centro de Reinserci\u00f3n Social de Tlapa de Comonfort.<\/p>\n","protected":false},"excerpt":{"rendered":"<p>CHILPANCINGO * 17 de marzo de 2021. ]\u00a0https:\/\/fiscaliaguerrero.gob.mx. La Fiscal\u00eda General del Estado obtuvo vinculaci\u00f3n a proceso en contra de Gustavo \u00abN\u00bb, acusado como probable responsable del delito de Violaci\u00f3n Equiparada, en la ciudad de Iguala de la Independencia. De acuerdo a la carpeta judicial C-67\/2021 el delito lo cometi\u00f3 el d\u00eda 14 de marzo&#8230;<\/p>\n","protected":false},"author":2,"featured_media":1222889,"comment_status":"closed","ping_status":"closed","sticky":false,"template":"","format":"standard","meta":{"footnotes":""},"categories":[18561,2005],"tags":[8682,10946,14737],"class_list":["post-1222887","post","type-post","status-publish","format-standard","has-post-thumbnail","hentry","category-society-politics","category-seguridad-y-justicia","tag-fiscalia-general-de-guerrero-fge","tag-jorge-zuriel-de-los-santos-barrila","tag-policia-ministerial-de-guerrero"],"_links":{"self":[{"href":"https:\/\/www.acapulcopress.com\/index.php\/wp-json\/wp\/v2\/posts\/1222887","targetHints":{"allow":["GET"]}}],"collection":[{"href":"https:\/\/www.acapulcopress.com\/index.php\/wp-json\/wp\/v2\/posts"}],"about":[{"href":"https:\/\/www.acapulcopress.com\/index.php\/wp-json\/wp\/v2\/types\/post"}],"author":[{"embeddable":true,"href":"https:\/\/www.acapulcopress.com\/index.php\/wp-json\/wp\/v2\/users\/2"}],"replies":[{"embeddable":true,"href":"https:\/\/www.acapulcopress.com\/index.php\/wp-json\/wp\/v2\/comments?post=1222887"}],"version-history":[{"count":0,"href":"https:\/\/www.acapulcopress.com\/index.php\/wp-json\/wp\/v2\/posts\/1222887\/revisions"}],"wp:featuredmedia":[{"embeddable":true,"href":"https:\/\/www.acapulcopress.com\/index.php\/wp-json\/"}],"wp:attachment":[{"href":"https:\/\/www.acapulcopress.com\/index.php\/wp-json\/wp\/v2\/media?parent=1222887"}],"wp:term":[{"taxonomy":"category","embeddable":true,"href":"https:\/\/www.acapulcopress.com\/index.php\/wp-json\/wp\/v2\/categories?post=1222887"},{"taxonomy":"post_tag","embeddable":true,"href":"https:\/\/www.acapulcopress.com\/index.php\/wp-json\/wp\/v2\/tags?post=1222887"}],"curies":[{"name":"wp","href":"https:\/\/api.w.org\/{rel}","templated":true}]}}