{"id":1222895,"date":"2021-03-17T21:34:17","date_gmt":"2021-03-18T03:34:17","guid":{"rendered":"https:\/\/www.acapulcopress.com\/?p=1222895"},"modified":"2021-03-17T21:34:17","modified_gmt":"2021-03-18T03:34:17","slug":"brigadas-medicas-y-educativas-llevan-sus-servicios-a-habitantes-de-la-montana","status":"publish","type":"post","link":"https:\/\/www.acapulcopress.com\/index.php\/2021\/03\/17\/brigadas-medicas-y-educativas-llevan-sus-servicios-a-habitantes-de-la-montana\/","title":{"rendered":"Brigadas m\u00e9dicas y educativas llevan sus servicios a habitantes de La Monta\u00f1a"},"content":{"rendered":"<p><img loading=\"lazy\" decoding=\"async\" class=\"alignnone wp-image-1222897 size-large\" src=\"https:\/\/www.acapulco.press\/wp-content\/uploads\/2021\/03\/UAGRO-1-840x391.jpg\" alt=\"\" width=\"840\" height=\"391\" \/><\/p>\n<p>CHILPANCINGO * 17 de marzo de 2021.<br \/>\n<em>] UAGro.<\/em><\/p>\n<p style=\"text-align: justify;\">\u00abDurante estos d\u00edas, estudiantes de la Facultad de Medicina se unieron para llevar brigadas m\u00e9dicas y educativas a los municipios Malinaltepec, Moyotepec y Tejocote, pertenecientes a la regi\u00f3n de la Monta\u00f1a alta, beneficiando a las familias y adultos mayores con atenci\u00f3n m\u00e9dica y odontol\u00f3gica, as\u00ed tambi\u00e9n realizaron talleres educativos a ni\u00f1as y ni\u00f1os, esto con el objetivo de hacer saber a sus habitantes que en la UAGro Universidad Aut\u00f3noma de Guerrero formamos profesionistas comprometidos con las familias que viven en las zonas rurales del estado, inform\u00f3 a trav\u00e9s de su p\u00e1gina oficial de Facebook\u00a0 el Rector Javier Salda\u00f1a Almaz\u00e1n.<\/p>\n<p><img loading=\"lazy\" decoding=\"async\" class=\"alignnone wp-image-1222899 size-large\" src=\"https:\/\/www.acapulco.press\/wp-content\/uploads\/2021\/03\/UAGRO9-840x564.jpg\" alt=\"\" width=\"840\" height=\"564\" \/><\/p>\n\n<p>&nbsp;<\/p>\n","protected":false},"excerpt":{"rendered":"<p>CHILPANCINGO * 17 de marzo de 2021. ] UAGro. \u00abDurante estos d\u00edas, estudiantes de la Facultad de Medicina se unieron para llevar brigadas m\u00e9dicas y educativas a los municipios Malinaltepec, Moyotepec y Tejocote, pertenecientes a la regi\u00f3n de la Monta\u00f1a alta, beneficiando a las familias y adultos mayores con atenci\u00f3n m\u00e9dica y odontol\u00f3gica, as\u00ed tambi\u00e9n&#8230;<\/p>\n","protected":false},"author":2,"featured_media":1222901,"comment_status":"closed","ping_status":"closed","sticky":false,"template":"","format":"standard","meta":{"footnotes":""},"categories":[18561,2016],"tags":[6705,8339,10644,17463,17610],"class_list":["post-1222895","post","type-post","status-publish","format-standard","has-post-thumbnail","hentry","category-society-politics","category-uagro-society-politics","tag-covid19","tag-facultad-de-medicina","tag-javier-saldana-almazan","tag-uagro","tag-universidad-autonoma-de-guerrero-uagro"],"_links":{"self":[{"href":"https:\/\/www.acapulcopress.com\/index.php\/wp-json\/wp\/v2\/posts\/1222895","targetHints":{"allow":["GET"]}}],"collection":[{"href":"https:\/\/www.acapulcopress.com\/index.php\/wp-json\/wp\/v2\/posts"}],"about":[{"href":"https:\/\/www.acapulcopress.com\/index.php\/wp-json\/wp\/v2\/types\/post"}],"author":[{"embeddable":true,"href":"https:\/\/www.acapulcopress.com\/index.php\/wp-json\/wp\/v2\/users\/2"}],"replies":[{"embeddable":true,"href":"https:\/\/www.acapulcopress.com\/index.php\/wp-json\/wp\/v2\/comments?post=1222895"}],"version-history":[{"count":0,"href":"https:\/\/www.acapulcopress.com\/index.php\/wp-json\/wp\/v2\/posts\/1222895\/revisions"}],"wp:featuredmedia":[{"embeddable":true,"href":"https:\/\/www.acapulcopress.com\/index.php\/wp-json\/"}],"wp:attachment":[{"href":"https:\/\/www.acapulcopress.com\/index.php\/wp-json\/wp\/v2\/media?parent=1222895"}],"wp:term":[{"taxonomy":"category","embeddable":true,"href":"https:\/\/www.acapulcopress.com\/index.php\/wp-json\/wp\/v2\/categories?post=1222895"},{"taxonomy":"post_tag","embeddable":true,"href":"https:\/\/www.acapulcopress.com\/index.php\/wp-json\/wp\/v2\/tags?post=1222895"}],"curies":[{"name":"wp","href":"https:\/\/api.w.org\/{rel}","templated":true}]}}