{"id":1222913,"date":"2021-03-17T10:44:38","date_gmt":"2021-03-17T16:44:38","guid":{"rendered":"https:\/\/www.acapulcopress.com\/?p=1222913"},"modified":"2021-03-17T10:44:38","modified_gmt":"2021-03-17T16:44:38","slug":"laboratorio-de-investigacion-de-uagro-sigue-produciendo-gel-antibacterial","status":"publish","type":"post","link":"https:\/\/www.acapulcopress.com\/index.php\/2021\/03\/17\/laboratorio-de-investigacion-de-uagro-sigue-produciendo-gel-antibacterial\/","title":{"rendered":"Laboratorio de Investigaci\u00f3n de UAGro sigue produciendo gel antibacterial"},"content":{"rendered":"<p>CHILPANCINGO * 17 de marzo de 2021.<br \/>\n<em>] UAGro.<\/em><\/p>\n<p style=\"text-align: justify;\">El Laboratorio de Investigaci\u00f3n de Productos Fitoterap\u00e9uticos y Alimentos de la #UAGro, sigue produciendo gel antibacterial que fue distribuido, a trav\u00e9s de los directivos de las Unidades Acad\u00e9micas del \u00e1rea de la salud, a todos los universitarios que son brigadistas voluntarios en el Plan Nacional de Vacunaci\u00f3n Contra la COVID-19 que dio inicio el d\u00eda de hoy en el puerto de Acapulco.<\/p>\n\n","protected":false},"excerpt":{"rendered":"<p>CHILPANCINGO * 17 de marzo de 2021. ] UAGro. El Laboratorio de Investigaci\u00f3n de Productos Fitoterap\u00e9uticos y Alimentos de la #UAGro, sigue produciendo gel antibacterial que fue distribuido, a trav\u00e9s de los directivos de las Unidades Acad\u00e9micas del \u00e1rea de la salud, a todos los universitarios que son brigadistas voluntarios en el Plan Nacional de&#8230;<\/p>\n","protected":false},"author":2,"featured_media":1222919,"comment_status":"closed","ping_status":"closed","sticky":false,"template":"","format":"standard","meta":{"footnotes":""},"categories":[18561,2016],"tags":[6705,10644,17463,17610],"class_list":["post-1222913","post","type-post","status-publish","format-standard","has-post-thumbnail","hentry","category-society-politics","category-uagro-society-politics","tag-covid19","tag-javier-saldana-almazan","tag-uagro","tag-universidad-autonoma-de-guerrero-uagro"],"_links":{"self":[{"href":"https:\/\/www.acapulcopress.com\/index.php\/wp-json\/wp\/v2\/posts\/1222913","targetHints":{"allow":["GET"]}}],"collection":[{"href":"https:\/\/www.acapulcopress.com\/index.php\/wp-json\/wp\/v2\/posts"}],"about":[{"href":"https:\/\/www.acapulcopress.com\/index.php\/wp-json\/wp\/v2\/types\/post"}],"author":[{"embeddable":true,"href":"https:\/\/www.acapulcopress.com\/index.php\/wp-json\/wp\/v2\/users\/2"}],"replies":[{"embeddable":true,"href":"https:\/\/www.acapulcopress.com\/index.php\/wp-json\/wp\/v2\/comments?post=1222913"}],"version-history":[{"count":0,"href":"https:\/\/www.acapulcopress.com\/index.php\/wp-json\/wp\/v2\/posts\/1222913\/revisions"}],"wp:featuredmedia":[{"embeddable":true,"href":"https:\/\/www.acapulcopress.com\/index.php\/wp-json\/"}],"wp:attachment":[{"href":"https:\/\/www.acapulcopress.com\/index.php\/wp-json\/wp\/v2\/media?parent=1222913"}],"wp:term":[{"taxonomy":"category","embeddable":true,"href":"https:\/\/www.acapulcopress.com\/index.php\/wp-json\/wp\/v2\/categories?post=1222913"},{"taxonomy":"post_tag","embeddable":true,"href":"https:\/\/www.acapulcopress.com\/index.php\/wp-json\/wp\/v2\/tags?post=1222913"}],"curies":[{"name":"wp","href":"https:\/\/api.w.org\/{rel}","templated":true}]}}