{"id":1222945,"date":"2021-03-17T23:43:26","date_gmt":"2021-03-18T05:43:26","guid":{"rendered":"https:\/\/www.acapulcopress.com\/?p=1222945"},"modified":"2021-03-17T23:43:26","modified_gmt":"2021-03-18T05:43:26","slug":"solicita-accion-nacional-al-pan-michoacan-sancionar-a-legislador-machista-y-misogino","status":"publish","type":"post","link":"https:\/\/www.acapulcopress.com\/index.php\/2021\/03\/17\/solicita-accion-nacional-al-pan-michoacan-sancionar-a-legislador-machista-y-misogino\/","title":{"rendered":"Solicita Acci\u00f3n Nacional al PAN Michoac\u00e1n sancionar a legislador machista y mis\u00f3gino"},"content":{"rendered":"<p style=\"text-align: justify;\">CIUDAD DE M\u00c9XICO * 17 de marzo de 2021.<br \/>\n<em>] Prensa PAN.<\/em><\/p>\n<p style=\"text-align: justify;\">El Comit\u00e9 Ejecutivo Nacional del PAN, solicita al Comit\u00e9 Directivo Estatal de Michoac\u00e1n retirar la coordinaci\u00f3n de los diputados locales a Javier Estrada C\u00e1rdenas y se tomen las medidas necesarias ante los \u00f3rganos del partido para que se aclaren los supuestos dichos del legislador.<\/p>\n<p style=\"text-align: justify;\">En congruencia a nuestros valores y principios como el respeto a la eminente dignidad de la persona, en Acci\u00f3n Nacional no podemos permitir por parte de nuestros militantes, legisladores, funcionarios, ni dirigentes, comentarios mis\u00f3ginos ni machistas.<\/p>\n<p style=\"text-align: justify;\">Somos un partido comprometido con el bienestar de las mujeres, el lenguaje incluyente, la paridad y la igualdad sustantiva, por lo que reprochamos y no toleraremos ninguna conducta contraria.<\/p>\n","protected":false},"excerpt":{"rendered":"<p>CIUDAD DE M\u00c9XICO * 17 de marzo de 2021. ] Prensa PAN. El Comit\u00e9 Ejecutivo Nacional del PAN, solicita al Comit\u00e9 Directivo Estatal de Michoac\u00e1n retirar la coordinaci\u00f3n de los diputados locales a Javier Estrada C\u00e1rdenas y se tomen las medidas necesarias ante los \u00f3rganos del partido para que se aclaren los supuestos dichos del&#8230;<\/p>\n","protected":false},"author":2,"featured_media":1222951,"comment_status":"closed","ping_status":"closed","sticky":false,"template":"","format":"standard","meta":{"footnotes":""},"categories":[1969],"tags":[10621,12273,13211,14184,14185],"class_list":["post-1222945","post","type-post","status-publish","format-standard","has-post-thumbnail","hentry","category-trending","tag-javier-estrada-cardenas","tag-machismo","tag-misoginia","tag-pan","tag-pan-michoacan"],"_links":{"self":[{"href":"https:\/\/www.acapulcopress.com\/index.php\/wp-json\/wp\/v2\/posts\/1222945","targetHints":{"allow":["GET"]}}],"collection":[{"href":"https:\/\/www.acapulcopress.com\/index.php\/wp-json\/wp\/v2\/posts"}],"about":[{"href":"https:\/\/www.acapulcopress.com\/index.php\/wp-json\/wp\/v2\/types\/post"}],"author":[{"embeddable":true,"href":"https:\/\/www.acapulcopress.com\/index.php\/wp-json\/wp\/v2\/users\/2"}],"replies":[{"embeddable":true,"href":"https:\/\/www.acapulcopress.com\/index.php\/wp-json\/wp\/v2\/comments?post=1222945"}],"version-history":[{"count":0,"href":"https:\/\/www.acapulcopress.com\/index.php\/wp-json\/wp\/v2\/posts\/1222945\/revisions"}],"wp:featuredmedia":[{"embeddable":true,"href":"https:\/\/www.acapulcopress.com\/index.php\/wp-json\/"}],"wp:attachment":[{"href":"https:\/\/www.acapulcopress.com\/index.php\/wp-json\/wp\/v2\/media?parent=1222945"}],"wp:term":[{"taxonomy":"category","embeddable":true,"href":"https:\/\/www.acapulcopress.com\/index.php\/wp-json\/wp\/v2\/categories?post=1222945"},{"taxonomy":"post_tag","embeddable":true,"href":"https:\/\/www.acapulcopress.com\/index.php\/wp-json\/wp\/v2\/tags?post=1222945"}],"curies":[{"name":"wp","href":"https:\/\/api.w.org\/{rel}","templated":true}]}}