{"id":1222952,"date":"2021-03-18T00:13:23","date_gmt":"2021-03-18T06:13:23","guid":{"rendered":"https:\/\/www.acapulcopress.com\/?p=1222952"},"modified":"2021-03-18T00:13:23","modified_gmt":"2021-03-18T06:13:23","slug":"mexico-pide-a-oea-evitar-injerencias-en-asuntos-internos-de-bolivia","status":"publish","type":"post","link":"https:\/\/www.acapulcopress.com\/index.php\/2021\/03\/18\/mexico-pide-a-oea-evitar-injerencias-en-asuntos-internos-de-bolivia\/","title":{"rendered":"M\u00e9xico pide a OEA evitar injerencias en asuntos internos de Bolivia"},"content":{"rendered":"<p style=\"text-align: justify;\">CIUDAD DE M\u00c9XICO * 17 de marzo de 2021.<br \/>\n<em>] <a href=\"https:\/\/www.efe.com\/efe\/america\/mexico\/mexico-pide-a-la-oea-que-evite-injerencias-en-los-asuntos-internos-de-bolivia\/50000545-4490793\" target=\"_blank\" rel=\"noopener\">Efe<\/a>.<\/em><\/p>\n<p style=\"text-align: justify;\">La Secretar\u00eda de Relaciones Exteriores (SRE) pidi\u00f3 este mi\u00e9rcoles a la Organizaci\u00f3n de los Estados Americanos (OEA) que evite injerencias en los asuntos internos de Bolivia tras la detenci\u00f3n de Jeanine \u00c1\u00f1ez, y que se apegue a \u201csu misi\u00f3n de fomentar el di\u00e1logo, el consenso y la soluci\u00f3n pac\u00edfica de las controversias\u201d.<\/p>\n<p style=\"text-align: justify;\">\u201cLa Secretar\u00eda General debe atender la naturaleza colegiada de su mandato y, en concordancia con el derecho internacional, no debe intervenir en los asuntos internos de los Estados miembros de la OEA\u201d, record\u00f3 M\u00e9xico en un comunicado.<\/p>\n<p style=\"text-align: justify;\">El reclamo mexicano sucedi\u00f3 en respuesta al pronunciamiento de la Secretar\u00eda General de la OEA que aseguraba tras la detenci\u00f3n de la expresidenta interina Jeanine \u00c1\u00f1ez que los mecanismos judiciales bolivianos \u201cnuevamente se han transformado en instrumentos represivos del partido de Gobierno\u201d.<\/p>\n<p style=\"text-align: justify;\">Otras organizaciones como Human Rights Watch denunciaron que las acusaciones de terrorismo contra \u00c1\u00f1ez \u201cgeneran fundadas dudas de que se trata de un proceso basado en m\u00f3viles pol\u00edticos\u201d, despu\u00e9s de que la se\u00f1alada presidiera el pa\u00eds tras el golpe al Gobierno de Evo Morales, del Movimiento al Socialismo (MAS), partido que volvi\u00f3 al Ejecutivo tras unas elecciones democr\u00e1ticas.<\/p>\n<p style=\"text-align: justify;\">La OEA reiter\u00f3 en su comunicado que \u201cpersisten los informes seg\u00fan los cuales las injerencias pol\u00edticas y corrupci\u00f3n en el sistema judicial son generalizadas\u201d en Bolivia, y que esa situaci\u00f3n se ha agravado afectando \u201csustantivamente la credibilidad de los procesos en curso\u201d bajo el actual Gobierno del MAS, encabezado por Luis Arce.<\/p>\n<p style=\"text-align: justify;\">Ante estas declaraciones, M\u00e9xico llam\u00f3 a la OEA a \u201cevitar confrontarse con un Gobierno electo democr\u00e1ticamente como lo es el de Bolivia\u201d y consider\u00f3 que el comunicado con las acusaciones al pa\u00eds andino \u201csienta un peligroso precedente para una organizaci\u00f3n creada con el prop\u00f3sito de buscar el consenso\u201d.<\/p>\n<p style=\"text-align: justify;\">\u201cEn concordancia con el principio de no intervenci\u00f3n, el Gobierno de M\u00e9xico exhorta a la Secretar\u00eda General de la OEA a retomar su papel en el entramado interamericano. Est\u00e1 en el inter\u00e9s de la estabilidad regional que la OEA act\u00fae dentro de su propio marco institucional en esta y en futuras situaciones\u201d, zanj\u00f3 el pa\u00eds norteamericano.<\/p>\n<p style=\"text-align: justify;\">El actual Gobierno mexicano, presidido por Andr\u00e9s Manuel L\u00f3pez Obrador, guarda afinidad con el MAS y sus dirigentes e incluso asil\u00f3 pol\u00edticamente al expresidente Evo Morales tras el golpe que le hizo dejar la dirigencia de su pa\u00eds en noviembre de 2019.<\/p>\n","protected":false},"excerpt":{"rendered":"<p>CIUDAD DE M\u00c9XICO * 17 de marzo de 2021. ] Efe. La Secretar\u00eda de Relaciones Exteriores (SRE) pidi\u00f3 este mi\u00e9rcoles a la Organizaci\u00f3n de los Estados Americanos (OEA) que evite injerencias en los asuntos internos de Bolivia tras la detenci\u00f3n de Jeanine \u00c1\u00f1ez, y que se apegue a \u201csu misi\u00f3n de fomentar el di\u00e1logo, el&#8230;<\/p>\n","protected":false},"author":2,"featured_media":1222953,"comment_status":"closed","ping_status":"closed","sticky":false,"template":"","format":"standard","meta":{"footnotes":""},"categories":[1969],"tags":[8263,10664,13332,14016,16237],"class_list":["post-1222952","post","type-post","status-publish","format-standard","has-post-thumbnail","hentry","category-trending","tag-evo-morales","tag-jeanine-anez","tag-movimiento-al-socialismo-mas","tag-organizacion-de-estados-americanos-oea","tag-secretaria-de-relaciones-exteriores-sre"],"_links":{"self":[{"href":"https:\/\/www.acapulcopress.com\/index.php\/wp-json\/wp\/v2\/posts\/1222952","targetHints":{"allow":["GET"]}}],"collection":[{"href":"https:\/\/www.acapulcopress.com\/index.php\/wp-json\/wp\/v2\/posts"}],"about":[{"href":"https:\/\/www.acapulcopress.com\/index.php\/wp-json\/wp\/v2\/types\/post"}],"author":[{"embeddable":true,"href":"https:\/\/www.acapulcopress.com\/index.php\/wp-json\/wp\/v2\/users\/2"}],"replies":[{"embeddable":true,"href":"https:\/\/www.acapulcopress.com\/index.php\/wp-json\/wp\/v2\/comments?post=1222952"}],"version-history":[{"count":0,"href":"https:\/\/www.acapulcopress.com\/index.php\/wp-json\/wp\/v2\/posts\/1222952\/revisions"}],"wp:featuredmedia":[{"embeddable":true,"href":"https:\/\/www.acapulcopress.com\/index.php\/wp-json\/"}],"wp:attachment":[{"href":"https:\/\/www.acapulcopress.com\/index.php\/wp-json\/wp\/v2\/media?parent=1222952"}],"wp:term":[{"taxonomy":"category","embeddable":true,"href":"https:\/\/www.acapulcopress.com\/index.php\/wp-json\/wp\/v2\/categories?post=1222952"},{"taxonomy":"post_tag","embeddable":true,"href":"https:\/\/www.acapulcopress.com\/index.php\/wp-json\/wp\/v2\/tags?post=1222952"}],"curies":[{"name":"wp","href":"https:\/\/api.w.org\/{rel}","templated":true}]}}