{"id":1222958,"date":"2021-03-18T01:06:58","date_gmt":"2021-03-18T07:06:58","guid":{"rendered":"https:\/\/www.acapulcopress.com\/?p=1222958"},"modified":"2021-03-18T01:06:58","modified_gmt":"2021-03-18T07:06:58","slug":"feiministas-boicotean-evento-de-felix-en-taxco","status":"publish","type":"post","link":"https:\/\/www.acapulcopress.com\/index.php\/2021\/03\/18\/feiministas-boicotean-evento-de-felix-en-taxco\/","title":{"rendered":"Feiministas boicotean a F\u00e9lix en Taxco"},"content":{"rendered":"<p style=\"text-align: justify;\"><strong>\u00bb Ezequiel Flores Contreras.<br \/>\n<\/strong>CIUDAD DE M\u00c9XICO * 17 de marzo de 2021.<br \/>\n<em>] <a href=\"https:\/\/www.proceso.com.mx\/nacional\/estados\/2021\/3\/17\/feministas-boicotean-mitin-de-salgado-macedonio-en-taxco-260275.html\" target=\"_blank\" rel=\"noopener\">Apro<\/a>.<\/em><\/p>\n<p style=\"text-align: justify;\">Grupos feministas boicotearon un mitin pol\u00edtico que realizar\u00eda el candidato a gobernador de Guerrero por Morena, F\u00e9lix Salgado Macedonio en la ciudad de Taxco de Alarc\u00f3n, en la zona norte del estado de Guerrero.<\/p>\n<p style=\"text-align: justify;\">A trav\u00e9s de sus redes sociales, el aspirante acusado de abuso y violencia sexual contra mujeres dirigi\u00f3 un mensaje donde expres\u00f3 textual:<\/p>\n<p style=\"text-align: justify;\"><img loading=\"lazy\" decoding=\"async\" class=\"alignleft size-medium wp-image-1222959\" src=\"https:\/\/www.acapulco.press\/wp-content\/uploads\/2021\/03\/FELIX-TAXCO-375x524.jpg\" alt=\"\" width=\"375\" height=\"524\" \/>\u201cAnte la falta de condiciones para poder llevar a cabo el evento programado para el d\u00eda de hoy por la tarde en Taxco, hemos decidido posponer dicha actividad hasta nuevo aviso, considerando que hay grupos cuyos intereses y fines son los de crear inestabilidad social y pol\u00edtica en nuestro estado\u201d, dijo el senador con licencia.<\/p>\n<p style=\"text-align: justify;\">Enseguida, Salgado Macedonio hizo un llamado a las autoridades de los tres niveles de gobierno para garantizar un proceso electoral \u201cpac\u00edfico y en armon\u00eda\u201d, y remat\u00f3:<\/p>\n<p style=\"text-align: justify;\">Hoy m\u00e1s que nunca nuestro estado requiere de la paz y la unidad de todos nosotros para salir adelante. Guerrero merece eso y m\u00e1s\u201d, indic\u00f3 el candidato a la gubernatura.<\/p>\n<p style=\"text-align: justify;\">Integrantes del equipo de campa\u00f1a de El Toro sin cerca informaron a reporteros que presuntamente grupos de feministas estaban esperando al candidato para protestar p\u00fablicamente en diferentes puntos de la ciudad platera de Taxco.<\/p>\n<p style=\"text-align: justify;\">Salgado Macedonio realiz\u00f3 actividades de proselitismo dos d\u00edas en la ciudad de Iguala, donde ayer exhibi\u00f3 en un mitin a padres de los 43 normalistas desaparecidos de Ayotzinapa que pidieron asumir el compromiso de investigar y sancionar al exgobernador \u00c1ngel Aguirre Rivero, quien es se\u00f1alado por su presunta responsabilidad en la tragedia registrada en septiembre de 2014 y esta ma\u00f1ana estuvo en el poblado de Santa Teresa donde tambi\u00e9n encabez\u00f3 un acto pol\u00edtico electoral.<\/p>\n","protected":false},"excerpt":{"rendered":"<p>\u00bb Ezequiel Flores Contreras. CIUDAD DE M\u00c9XICO * 17 de marzo de 2021. ] Apro. Grupos feministas boicotearon un mitin pol\u00edtico que realizar\u00eda el candidato a gobernador de Guerrero por Morena, F\u00e9lix Salgado Macedonio en la ciudad de Taxco de Alarc\u00f3n, en la zona norte del estado de Guerrero. A trav\u00e9s de sus redes sociales,&#8230;<\/p>\n","protected":false},"author":2,"featured_media":1222880,"comment_status":"closed","ping_status":"closed","sticky":false,"template":"","format":"standard","meta":{"footnotes":""},"categories":[1997],"tags":[8467,8478],"class_list":["post-1222958","post","type-post","status-publish","format-standard","has-post-thumbnail","hentry","category-noticias-destacadas","tag-felix-salgado-macedonio","tag-feministas"],"_links":{"self":[{"href":"https:\/\/www.acapulcopress.com\/index.php\/wp-json\/wp\/v2\/posts\/1222958","targetHints":{"allow":["GET"]}}],"collection":[{"href":"https:\/\/www.acapulcopress.com\/index.php\/wp-json\/wp\/v2\/posts"}],"about":[{"href":"https:\/\/www.acapulcopress.com\/index.php\/wp-json\/wp\/v2\/types\/post"}],"author":[{"embeddable":true,"href":"https:\/\/www.acapulcopress.com\/index.php\/wp-json\/wp\/v2\/users\/2"}],"replies":[{"embeddable":true,"href":"https:\/\/www.acapulcopress.com\/index.php\/wp-json\/wp\/v2\/comments?post=1222958"}],"version-history":[{"count":0,"href":"https:\/\/www.acapulcopress.com\/index.php\/wp-json\/wp\/v2\/posts\/1222958\/revisions"}],"wp:featuredmedia":[{"embeddable":true,"href":"https:\/\/www.acapulcopress.com\/index.php\/wp-json\/"}],"wp:attachment":[{"href":"https:\/\/www.acapulcopress.com\/index.php\/wp-json\/wp\/v2\/media?parent=1222958"}],"wp:term":[{"taxonomy":"category","embeddable":true,"href":"https:\/\/www.acapulcopress.com\/index.php\/wp-json\/wp\/v2\/categories?post=1222958"},{"taxonomy":"post_tag","embeddable":true,"href":"https:\/\/www.acapulcopress.com\/index.php\/wp-json\/wp\/v2\/tags?post=1222958"}],"curies":[{"name":"wp","href":"https:\/\/api.w.org\/{rel}","templated":true}]}}