{"id":1222966,"date":"2021-03-18T21:23:00","date_gmt":"2021-03-19T03:23:00","guid":{"rendered":"https:\/\/www.acapulcopress.com\/?p=1222966"},"modified":"2021-03-18T21:23:00","modified_gmt":"2021-03-19T03:23:00","slug":"promueve-yoloxochitl-avila-leyes-a-favor-de-mujeres-y-grupos-vulnerables-de-acapulco","status":"publish","type":"post","link":"https:\/\/www.acapulcopress.com\/index.php\/2021\/03\/18\/promueve-yoloxochitl-avila-leyes-a-favor-de-mujeres-y-grupos-vulnerables-de-acapulco\/","title":{"rendered":"Promueve Yolox\u00f3chitl \u00c1vila leyes a favor de mujeres y grupos vulnerables de Acapulco"},"content":{"rendered":"<p style=\"text-align: justify;\">ACAPULCO * 18 de marzo de 2021.<br \/>\n<em>] Especial.<\/em><\/p>\n<p style=\"text-align: justify;\">La precandidata por Morena al Distrito 3 de Acapulco, Dra. Yoloxochilth \u00c1vila Alcaraz, contin\u00faa realizando recorridos y reuniones informativas en torno a las medidas preventivas de salud para evitar contagios de Covid19 y propuestas de leyes que, como diputada, impulsar\u00e1 en el Congreso del Estado a favor de las mujeres, as\u00ed como de grupos vulnerables en Acapulco y Guerrero.<\/p>\n<p style=\"text-align: justify;\">Asimismo, anunci\u00f3 que como mujer de la sociedad civil se dedicar\u00e1 a trabajar para dar buenos resultados a la poblaci\u00f3n que los merece, y no solo a ser una figura de ornato en el Congreso, pues la sociedad demanda legisladores activos y comprometidos con la sociedad, de tiempo completo.<\/p>\n","protected":false},"excerpt":{"rendered":"<p>ACAPULCO * 18 de marzo de 2021. ] Especial. La precandidata por Morena al Distrito 3 de Acapulco, Dra. Yoloxochilth \u00c1vila Alcaraz, contin\u00faa realizando recorridos y reuniones informativas en torno a las medidas preventivas de salud para evitar contagios de Covid19 y propuestas de leyes que, como diputada, impulsar\u00e1 en el Congreso del Estado a&#8230;<\/p>\n","protected":false},"author":2,"featured_media":1222972,"comment_status":"closed","ping_status":"closed","sticky":false,"template":"","format":"standard","meta":{"footnotes":""},"categories":[2052,18561],"tags":[6370,13297,18264],"class_list":["post-1222966","post","type-post","status-publish","format-standard","has-post-thumbnail","hentry","category-elecciones","category-society-politics","tag-congreso-de-guerrero","tag-morena","tag-yoloxochilth-avila-alcaraz"],"_links":{"self":[{"href":"https:\/\/www.acapulcopress.com\/index.php\/wp-json\/wp\/v2\/posts\/1222966","targetHints":{"allow":["GET"]}}],"collection":[{"href":"https:\/\/www.acapulcopress.com\/index.php\/wp-json\/wp\/v2\/posts"}],"about":[{"href":"https:\/\/www.acapulcopress.com\/index.php\/wp-json\/wp\/v2\/types\/post"}],"author":[{"embeddable":true,"href":"https:\/\/www.acapulcopress.com\/index.php\/wp-json\/wp\/v2\/users\/2"}],"replies":[{"embeddable":true,"href":"https:\/\/www.acapulcopress.com\/index.php\/wp-json\/wp\/v2\/comments?post=1222966"}],"version-history":[{"count":0,"href":"https:\/\/www.acapulcopress.com\/index.php\/wp-json\/wp\/v2\/posts\/1222966\/revisions"}],"wp:featuredmedia":[{"embeddable":true,"href":"https:\/\/www.acapulcopress.com\/index.php\/wp-json\/"}],"wp:attachment":[{"href":"https:\/\/www.acapulcopress.com\/index.php\/wp-json\/wp\/v2\/media?parent=1222966"}],"wp:term":[{"taxonomy":"category","embeddable":true,"href":"https:\/\/www.acapulcopress.com\/index.php\/wp-json\/wp\/v2\/categories?post=1222966"},{"taxonomy":"post_tag","embeddable":true,"href":"https:\/\/www.acapulcopress.com\/index.php\/wp-json\/wp\/v2\/tags?post=1222966"}],"curies":[{"name":"wp","href":"https:\/\/api.w.org\/{rel}","templated":true}]}}