{"id":1222979,"date":"2021-03-18T23:03:25","date_gmt":"2021-03-19T05:03:25","guid":{"rendered":"https:\/\/www.acapulcopress.com\/?p=1222979"},"modified":"2021-03-18T23:03:25","modified_gmt":"2021-03-19T05:03:25","slug":"en-manos-de-victor-aguirre-el-futuro-y-esperanza-de-acapulco","status":"publish","type":"post","link":"https:\/\/www.acapulcopress.com\/index.php\/2021\/03\/18\/en-manos-de-victor-aguirre-el-futuro-y-esperanza-de-acapulco\/","title":{"rendered":"En manos de Victor Aguirre el futuro y esperanza de Acapulco"},"content":{"rendered":"<p style=\"text-align: justify;\">ACAPULCO * 18 de marzo de 2021.<br \/>\n<em>] Especial.<\/em><\/p>\n<p style=\"text-align: justify;\">V\u00edctor Aguirre Alcaide sostuvo una reuni\u00f3n con integrantes de asociaciones civiles y del sector empresarial, con la finalidad de conjuntar acciones para el desarrollo e impulsar proyectos productivos por Acapulco.<\/p>\n<p style=\"text-align: justify;\">V\u00edctor Aguirre enfatiz\u00f3 que es necesario trabajar en un solo frente para fortalecer el desarrollo y mejoramiento urbano y social de la ciudad, donde present\u00f3 su proyecto pol\u00edtico-social que est\u00e1 trazado en cuatros ejes estrat\u00e9gicos de soluci\u00f3n en las demandas de la sociedad acapulque\u00f1a.<\/p>\n<p style=\"text-align: justify;\">\u00abTienen todo mi reconocimiento y admiraci\u00f3n por el trabajo que han realizado todo estos a\u00f1os. Cada vez la suma de conciencias y propuestas al proyecto, se fortalece el \u00e1nimo para salir adelante y tener la confianza en darle soluci\u00f3n a los problemas del puerto\u00bb, puntualiz\u00f3.<\/p>\n<p style=\"text-align: justify;\"><img loading=\"lazy\" decoding=\"async\" class=\"alignleft size-medium wp-image-1222982\" src=\"https:\/\/www.acapulco.press\/wp-content\/uploads\/2021\/03\/VAA-ACA2-375x249.jpg\" alt=\"\" width=\"375\" height=\"249\" \/>En dicha reuni\u00f3n, present\u00f3 los cuatro ejes para Acapulco, como son: una reconfiguraci\u00f3n en la administraci\u00f3n p\u00fablica de la ciudad, reparaci\u00f3n de las plantas tratadoras de aguas residuales que permitir\u00e1 sanear la bah\u00eda de Acapulco, atenci\u00f3n en los servicios p\u00fablicos y un fondo y plan de reactivaci\u00f3n econ\u00f3mica en caso de crisis en la ciudad.<\/p>\n<p style=\"text-align: justify;\">\u00abTenemos claro, lo que quiere el ciudadano y ciudadana, son servicios p\u00fablicos, agua potable, seguridad, porque contribuyen con sus impuestos, ellos quieren verlo reflejado en acciones para el mejoramiento de su entorno social\u00bb, expres\u00f3.<\/p>\n<p style=\"text-align: justify;\">Al finalizar Victor Aguirre su participaci\u00f3n, los integrantes de la sociedad civil y profesionistas, le manifestaron su apoyo y respaldo al proyecto \u00abAcapulco Tiene Futuro\u00bb al ser un plan que contribuir\u00e1 en el desarrollo social, econ\u00f3mico y p\u00fablico de la ciudad.<\/p>\n<p style=\"text-align: justify;\">\u00abEs importante resaltar el proyecto de V\u00edctor Aguirre Alcaide, ya que es una ruta de cambio en pro de Acapulco, cumple con las demandas y necesidades de los ciudadanos, por ello nos sumamos para abonar en el rescate de nuestro bello puerto\u00bb.<\/p>\n<p style=\"text-align: justify;\">Adem\u00e1s, coincidieron en la propuesta de rehabilitar las plantas tratadoras de aguas residuales y la reparaci\u00f3n del equipo de bombeo de agua potable que se localizan en Papagayo 1 y 2 y Lomas de Chapultepec, que se encuentran desgastadas por la mala atenci\u00f3n de la autoridad municipal.<\/p>\n<p style=\"text-align: justify;\">V\u00edctor Aguirre Alcaide estuvo acompa\u00f1ado con Javier Rivera Sant\u00edn y Angeles Vargas Hern\u00e1ndez, integrantes de la Fundaci\u00f3n de la Mujer Libre de C\u00e1ncer; los abogados, Krystell Go\u00f1i Garc\u00eda, Baltazar Palma Mayo, Marco Antonio Villalobos Quevedo, Salvador Valdovinos Salom\u00f3n y Olga Garc\u00eda Molina.<\/p>\n<p style=\"text-align: justify;\">As\u00ed mismo, de Andr\u00e9s Garc\u00eda, del grupo de profesionales, Marissa Hilton Camacho, encargada de la propaganda y voceo en Acapulco, Virginia Moreno Flores, integrante de la Uni\u00f3n de Voceadores y otras personalidades.<\/p>\n","protected":false},"excerpt":{"rendered":"<p>ACAPULCO * 18 de marzo de 2021. ] Especial. V\u00edctor Aguirre Alcaide sostuvo una reuni\u00f3n con integrantes de asociaciones civiles y del sector empresarial, con la finalidad de conjuntar acciones para el desarrollo e impulsar proyectos productivos por Acapulco. V\u00edctor Aguirre enfatiz\u00f3 que es necesario trabajar en un solo frente para fortalecer el desarrollo y&#8230;<\/p>\n","protected":false},"author":2,"featured_media":1222981,"comment_status":"closed","ping_status":"closed","sticky":false,"template":"","format":"standard","meta":{"footnotes":""},"categories":[2052,2053,1972,18561],"tags":[3153,14804,17843],"class_list":["post-1222979","post","type-post","status-publish","format-standard","has-post-thumbnail","hentry","category-elecciones","category-elecciones-special","category-special","category-society-politics","tag-acapulco","tag-prd","tag-victor-aguirre-alcaide"],"_links":{"self":[{"href":"https:\/\/www.acapulcopress.com\/index.php\/wp-json\/wp\/v2\/posts\/1222979","targetHints":{"allow":["GET"]}}],"collection":[{"href":"https:\/\/www.acapulcopress.com\/index.php\/wp-json\/wp\/v2\/posts"}],"about":[{"href":"https:\/\/www.acapulcopress.com\/index.php\/wp-json\/wp\/v2\/types\/post"}],"author":[{"embeddable":true,"href":"https:\/\/www.acapulcopress.com\/index.php\/wp-json\/wp\/v2\/users\/2"}],"replies":[{"embeddable":true,"href":"https:\/\/www.acapulcopress.com\/index.php\/wp-json\/wp\/v2\/comments?post=1222979"}],"version-history":[{"count":0,"href":"https:\/\/www.acapulcopress.com\/index.php\/wp-json\/wp\/v2\/posts\/1222979\/revisions"}],"wp:featuredmedia":[{"embeddable":true,"href":"https:\/\/www.acapulcopress.com\/index.php\/wp-json\/"}],"wp:attachment":[{"href":"https:\/\/www.acapulcopress.com\/index.php\/wp-json\/wp\/v2\/media?parent=1222979"}],"wp:term":[{"taxonomy":"category","embeddable":true,"href":"https:\/\/www.acapulcopress.com\/index.php\/wp-json\/wp\/v2\/categories?post=1222979"},{"taxonomy":"post_tag","embeddable":true,"href":"https:\/\/www.acapulcopress.com\/index.php\/wp-json\/wp\/v2\/tags?post=1222979"}],"curies":[{"name":"wp","href":"https:\/\/api.w.org\/{rel}","templated":true}]}}