{"id":1222993,"date":"2021-03-18T23:56:42","date_gmt":"2021-03-19T05:56:42","guid":{"rendered":"https:\/\/www.acapulcopress.com\/?p=1222993"},"modified":"2021-03-18T23:56:42","modified_gmt":"2021-03-19T05:56:42","slug":"reconoce-mario-moreno-trabajo-estructural-de-su-partido-en-acapulco","status":"publish","type":"post","link":"https:\/\/www.acapulcopress.com\/index.php\/2021\/03\/18\/reconoce-mario-moreno-trabajo-estructural-de-su-partido-en-acapulco\/","title":{"rendered":"Reconoce Mario Moreno trabajo estructural de su partido en Acapulco"},"content":{"rendered":"<p>Redacci\u00f3n<br \/>\nACAPULCO * 18 de marzo de 2021.<br \/>\n<em>] Especial \/ Fotos de Guillermo Villanueva.<\/em><\/p>\n<p style=\"text-align: justify;\">Mario Moreno Arcos, candidato a gobernador de la alianza PRI\/PRD, reconoci\u00f3 el trabajo de la estructura priista de <img loading=\"lazy\" decoding=\"async\" class=\"alignleft size-medium wp-image-1222994\" src=\"https:\/\/www.acapulco.press\/wp-content\/uploads\/2021\/03\/mma-pri-375x281.jpg\" alt=\"\" width=\"375\" height=\"281\" \/>Acapulco y convoc\u00f3 a los militantes de su partido a cuidar el proceso electoral con mucha responsabilidad.<\/p>\n<p style=\"text-align: justify;\">Durante el encuentro con la Estructura Electoral y Defensor\u00eda del Voto, realizada en las oficinas del Comit\u00e9 Directivo del PRI en el puerto, Moreno resalt\u00f3 el papel tan especial que tendr\u00e1n las estructuras partidistas el d\u00eda de los comicios.<\/p>\n<p style=\"text-align: justify;\">\u00abTener este encuentro con todos ustedes tiene un significado muy especial por eso yo quiero agradecerles y reconocerles todo lo que hacen, por supuesto la estructura electoral, la defensor\u00eda jur\u00eddica del voto, que van de la mano y que son fundamentales en una elecci\u00f3n\u00bb, dijo el candidato.<\/p>\n<p style=\"text-align: justify;\">A nombre de los pri\u00edstas de Acapulco, Sof\u00edo Ram\u00edrez Hern\u00e1ndez, dirigente municipal del partido tricolor, pidi\u00f3 a la estructura que se comprometa y defienda el triunfo de su candidato, Mario Moreno Arcos.<\/p>\n","protected":false},"excerpt":{"rendered":"<p>Redacci\u00f3n ACAPULCO * 18 de marzo de 2021. ] Especial \/ Fotos de Guillermo Villanueva. Mario Moreno Arcos, candidato a gobernador de la alianza PRI\/PRD, reconoci\u00f3 el trabajo de la estructura priista de Acapulco y convoc\u00f3 a los militantes de su partido a cuidar el proceso electoral con mucha responsabilidad. Durante el encuentro con la&#8230;<\/p>\n","protected":false},"author":2,"featured_media":1222995,"comment_status":"closed","ping_status":"closed","sticky":false,"template":"","format":"standard","meta":{"footnotes":""},"categories":[2052,18561],"tags":[5945,12685],"class_list":["post-1222993","post","type-post","status-publish","format-standard","has-post-thumbnail","hentry","category-elecciones","category-society-politics","tag-coalicion-va-por-guerrero-2021","tag-mario-moreno-arcos"],"_links":{"self":[{"href":"https:\/\/www.acapulcopress.com\/index.php\/wp-json\/wp\/v2\/posts\/1222993","targetHints":{"allow":["GET"]}}],"collection":[{"href":"https:\/\/www.acapulcopress.com\/index.php\/wp-json\/wp\/v2\/posts"}],"about":[{"href":"https:\/\/www.acapulcopress.com\/index.php\/wp-json\/wp\/v2\/types\/post"}],"author":[{"embeddable":true,"href":"https:\/\/www.acapulcopress.com\/index.php\/wp-json\/wp\/v2\/users\/2"}],"replies":[{"embeddable":true,"href":"https:\/\/www.acapulcopress.com\/index.php\/wp-json\/wp\/v2\/comments?post=1222993"}],"version-history":[{"count":0,"href":"https:\/\/www.acapulcopress.com\/index.php\/wp-json\/wp\/v2\/posts\/1222993\/revisions"}],"wp:featuredmedia":[{"embeddable":true,"href":"https:\/\/www.acapulcopress.com\/index.php\/wp-json\/"}],"wp:attachment":[{"href":"https:\/\/www.acapulcopress.com\/index.php\/wp-json\/wp\/v2\/media?parent=1222993"}],"wp:term":[{"taxonomy":"category","embeddable":true,"href":"https:\/\/www.acapulcopress.com\/index.php\/wp-json\/wp\/v2\/categories?post=1222993"},{"taxonomy":"post_tag","embeddable":true,"href":"https:\/\/www.acapulcopress.com\/index.php\/wp-json\/wp\/v2\/tags?post=1222993"}],"curies":[{"name":"wp","href":"https:\/\/api.w.org\/{rel}","templated":true}]}}