{"id":1223000,"date":"2021-03-19T00:28:41","date_gmt":"2021-03-19T06:28:41","guid":{"rendered":"https:\/\/www.acapulcopress.com\/?p=1223000"},"modified":"2021-03-19T00:28:41","modified_gmt":"2021-03-19T06:28:41","slug":"felix-anuncios-que-calan-que-atemorizan","status":"publish","type":"post","link":"https:\/\/www.acapulcopress.com\/index.php\/2021\/03\/19\/felix-anuncios-que-calan-que-atemorizan\/","title":{"rendered":"F\u00e9lix | Anuncios que calan, que atemorizan\u2026"},"content":{"rendered":"<p style=\"text-align: justify;\">Un Rapid\u00edn<br \/>\n<strong>] Con \u00c1ngel Irra Carceda<\/strong><br \/>\n<em>\u00bb angelirracar@hotmail.com.<\/em><\/p>\n<p style=\"text-align: justify;\">Este jueves tres amigos (dos hombres y una mujer) que trabajan en diferentes \u00e1reas del gobierno estatal me preguntaron si es cierto que, de ganar la gubernatura, F\u00e9lix Salgado Macedonio desaparecer\u00e1 direcciones, coordinaciones, fideicomisos y organismos p\u00fablicos descentralizados.<\/p>\n<p style=\"text-align: justify;\">Les respond\u00ed que as\u00ed lo dijo en Iguala, pero que tambi\u00e9n se\u00f1al\u00f3 que no se tratar\u00e1 de un despido masivo de trabajadores en esas dependencias que desaparecer\u00eda, porque asegur\u00f3 que los reubicar\u00eda en otras \u00e1reas.<\/p>\n<p style=\"text-align: justify;\">\u201cUta madre. S\u00ed, cabr\u00f3n, y d\u00f3nde nos va a reubicar. Como si se tratara de enchiladas, Pues seguro y que nos vamos a chingar\u201d, coment\u00f3 uno de los dos varones.<\/p>\n<p style=\"text-align: justify;\">Le entr\u00f3 el segundo: \u201cSi as\u00ed lo anunci\u00f3 est\u00e1 de la chingada. Nos la va a partir toda a los bur\u00f3cratas. Y m\u00e1s cabrona la tendremos quienes tenemos familia\u201d.<\/p>\n<p style=\"text-align: justify;\">Pero, quien m\u00e1s mostr\u00f3 preocupaci\u00f3n fue la compa\u00f1era bur\u00f3crata. Y no es para menos. Es una de las miles de madres solteras severamente afectadas con la desaparici\u00f3n de estancias infantiles.<\/p>\n<p style=\"text-align: justify;\">\u201cAaay, Angel, eso no es posible. C\u00f3mo le iremos a hacer las madres solteras si (F\u00e9lix Salgado) gana la gubernatura. Por qu\u00e9 quieren seguir freg\u00e1ndonos as\u00ed. No se vale\u201d.<\/p>\n<p style=\"text-align: justify;\">Me cuestionaron sobre c\u00f3mo observo el escenario en este proceso electoral. Que qui\u00e9n ganar\u00eda la gubernatura, F\u00e9lix Salgado, candidato de Morena, o el priista Mario Moreno Arcos.<\/p>\n<p style=\"text-align: justify;\">Les coment\u00e9 que, a mi parecer, al final la contienda podr\u00eda estar muy cerrada entre ambos. Les suger\u00ed que meditar\u00e1n a fondo su decisi\u00f3n al acudir a votar el seis de junio pr\u00f3ximo. Que voten por el que les parezca el mejor.<br \/>\nLlama la atenci\u00f3n el tema, pues el priista Mario Moreno, al contrario, plantea varios ejes de lo que ser\u00eda su gobierno.<br \/>\nYa se comprometi\u00f3 a reactivar las estancias infantiles, los comedores comunitarios, respaldar a los empresarios locales, a los transportistas, al campo que este a\u00f1o qued\u00f3 en el olvido del gobierno federal, al sector educativo y otros programas sociales.<\/p>\n<p style=\"text-align: justify;\">Ya es p\u00fablico tambi\u00e9n que lleva firmados al menos 10 compromisos a favor de las mujeres, los campesinos y transportistas. Que estableci\u00f3 el compromiso, adem\u00e1s, de poner en marcha un programa emergente de reactivaci\u00f3n econ\u00f3mica, tras los efectos que ha generado la pandemia por COVID-19.<\/p>\n<p style=\"text-align: justify;\">Pero, finalmente, los ciudadanos decidir\u00e1n por qui\u00e9n van a votar. Lo mejor para la sociedad, insisto, es reflexionar a fondo. Que hagan las comparaciones entre uno y otro.<\/p>\n<p style=\"text-align: justify;\">Si no lo hacen, no se vale que luego se anden quejando.<\/p>\n<p style=\"text-align: justify;\">\n","protected":false},"excerpt":{"rendered":"<p>Un Rapid\u00edn ] Con \u00c1ngel Irra Carceda \u00bb angelirracar@hotmail.com. Este jueves tres amigos (dos hombres y una mujer) que trabajan en diferentes \u00e1reas del gobierno estatal me preguntaron si es cierto que, de ganar la gubernatura, F\u00e9lix Salgado Macedonio desaparecer\u00e1 direcciones, coordinaciones, fideicomisos y organismos p\u00fablicos descentralizados. Les respond\u00ed que as\u00ed lo dijo en Iguala,&#8230;<\/p>\n","protected":false},"author":2,"featured_media":1223002,"comment_status":"closed","ping_status":"closed","sticky":false,"template":"","format":"standard","meta":{"footnotes":""},"categories":[2071,1991],"tags":[3938,6705,8467,12685,17511],"class_list":["post-1223000","post","type-post","status-publish","format-standard","has-post-thumbnail","hentry","category-opinion-analisis-columnas","category-libertad-de-expresion","tag-angel-irra-carceda","tag-covid19","tag-felix-salgado-macedonio","tag-mario-moreno-arcos","tag-un-rapidin"],"_links":{"self":[{"href":"https:\/\/www.acapulcopress.com\/index.php\/wp-json\/wp\/v2\/posts\/1223000","targetHints":{"allow":["GET"]}}],"collection":[{"href":"https:\/\/www.acapulcopress.com\/index.php\/wp-json\/wp\/v2\/posts"}],"about":[{"href":"https:\/\/www.acapulcopress.com\/index.php\/wp-json\/wp\/v2\/types\/post"}],"author":[{"embeddable":true,"href":"https:\/\/www.acapulcopress.com\/index.php\/wp-json\/wp\/v2\/users\/2"}],"replies":[{"embeddable":true,"href":"https:\/\/www.acapulcopress.com\/index.php\/wp-json\/wp\/v2\/comments?post=1223000"}],"version-history":[{"count":0,"href":"https:\/\/www.acapulcopress.com\/index.php\/wp-json\/wp\/v2\/posts\/1223000\/revisions"}],"wp:featuredmedia":[{"embeddable":true,"href":"https:\/\/www.acapulcopress.com\/index.php\/wp-json\/"}],"wp:attachment":[{"href":"https:\/\/www.acapulcopress.com\/index.php\/wp-json\/wp\/v2\/media?parent=1223000"}],"wp:term":[{"taxonomy":"category","embeddable":true,"href":"https:\/\/www.acapulcopress.com\/index.php\/wp-json\/wp\/v2\/categories?post=1223000"},{"taxonomy":"post_tag","embeddable":true,"href":"https:\/\/www.acapulcopress.com\/index.php\/wp-json\/wp\/v2\/tags?post=1223000"}],"curies":[{"name":"wp","href":"https:\/\/api.w.org\/{rel}","templated":true}]}}