{"id":1223015,"date":"2021-03-19T18:46:38","date_gmt":"2021-03-20T00:46:38","guid":{"rendered":"https:\/\/www.acapulcopress.com\/?p=1223015"},"modified":"2021-03-19T18:46:38","modified_gmt":"2021-03-20T00:46:38","slug":"catafixiara-mario-obras-en-coyuca-por-agua-para-colonias-del-ponente-de-acapulco","status":"publish","type":"post","link":"https:\/\/www.acapulcopress.com\/index.php\/2021\/03\/19\/catafixiara-mario-obras-en-coyuca-por-agua-para-colonias-del-ponente-de-acapulco\/","title":{"rendered":"Catafixiar\u00e1 #Mario obras en Coyuca por agua para colonias del ponente de Acapulco"},"content":{"rendered":"<p style=\"text-align: justify;\">ACAPULCO * 19 de marzo de 2021.<br \/>\n<em>] Redacci\u00f3n.<\/em><\/p>\n<p style=\"text-align: justify;\">El candidato a gobernador de la alianza \u201cVa por Guerrero\u201d, Mario Moreno Arcos, asumi\u00f3 el compromiso de resolver <img loading=\"lazy\" decoding=\"async\" class=\"alignleft size-medium wp-image-1223024\" src=\"https:\/\/www.acapulco.press\/wp-content\/uploads\/2021\/03\/mma-jardin-mangos-375x250.jpg\" alt=\"\" width=\"375\" height=\"250\" \/>el abasto de agua para los vecinos de la colonia Jard\u00edn Mangos y no hacer promesas que no pueda cumplir.<\/p>\n<p style=\"text-align: justify;\">\u201cNo voy a ofertar algo que no sea posible\u00bb, dijo enf\u00e1tico Moreno,\u00bb pero estoy convencido que la problem\u00e1tica del agua en esta parte alta de Acapulco la tenemos que resolver\u00bb.<\/p>\n<p style=\"text-align: justify;\">\u00ab\u00a1Vamos por obras en grande! Ya tengo pl\u00e1ticas muy avanzadas con nuestros amigos del municipio de Coyuca de Ben\u00edtez para que nos abastezcan de agua y, a cambio, vamos a pavimentarles caminos y calles\u201d.<\/p>\n<p style=\"text-align: justify;\">Durante un encuentro con estructuras, militantes y <img loading=\"lazy\" decoding=\"async\" class=\"alignleft size-medium wp-image-1223026\" src=\"https:\/\/www.acapulco.press\/wp-content\/uploads\/2021\/03\/mma-jardin-mangos3-375x211.jpg\" alt=\"\" width=\"375\" height=\"211\" \/>simpatizantes del PRD en la zona poniente del puerto, el candidato de la coalici\u00f3n PRI\/PRD se comprometi\u00f3 a construir un hospital en esa zona de Acapulco, tras se\u00f1alar que ha sido un planteamiento recurrente de los habitantes de ese sector.<\/p>\n<p style=\"text-align: justify;\">\u201cNo es posible que no haya un hospital en esta zona y que los enfermos tengan que trasladarse al Hospital General de El Quemado\u201d, lament\u00f3 Moreno, en medio de aplausos y porras de los asistentes, en su mayor\u00eda del PRD.<\/p>\n<p style=\"text-align: justify;\">Mario Moreno Arcos estuvo acompa\u00f1ado de la secretaria general del PRI Guerrero, Gabriela Bernal Res\u00e9ndiz;, as\u00ed como Sheyla Soto, aspirante a diputada federal por el distrito 09 y el aspirante a presidente municipal de Acapulco por el PRD, V\u00edctor Aguirre Alcaide.<\/p>\n","protected":false},"excerpt":{"rendered":"<p>ACAPULCO * 19 de marzo de 2021. ] Redacci\u00f3n. El candidato a gobernador de la alianza \u201cVa por Guerrero\u201d, Mario Moreno Arcos, asumi\u00f3 el compromiso de resolver el abasto de agua para los vecinos de la colonia Jard\u00edn Mangos y no hacer promesas que no pueda cumplir. \u201cNo voy a ofertar algo que no sea&#8230;<\/p>\n","protected":false},"author":2,"featured_media":1223025,"comment_status":"closed","ping_status":"closed","sticky":false,"template":"","format":"standard","meta":{"footnotes":""},"categories":[2024,18561],"tags":[5928,7799,12685,14804,14914,17843],"class_list":["post-1223015","post","type-post","status-publish","format-standard","has-post-thumbnail","hentry","category-politica-activism","category-society-politics","tag-coalicion-va-por-guerrero","tag-eleccion-guerrero-2021","tag-mario-moreno-arcos","tag-prd","tag-pri","tag-victor-aguirre-alcaide"],"_links":{"self":[{"href":"https:\/\/www.acapulcopress.com\/index.php\/wp-json\/wp\/v2\/posts\/1223015","targetHints":{"allow":["GET"]}}],"collection":[{"href":"https:\/\/www.acapulcopress.com\/index.php\/wp-json\/wp\/v2\/posts"}],"about":[{"href":"https:\/\/www.acapulcopress.com\/index.php\/wp-json\/wp\/v2\/types\/post"}],"author":[{"embeddable":true,"href":"https:\/\/www.acapulcopress.com\/index.php\/wp-json\/wp\/v2\/users\/2"}],"replies":[{"embeddable":true,"href":"https:\/\/www.acapulcopress.com\/index.php\/wp-json\/wp\/v2\/comments?post=1223015"}],"version-history":[{"count":0,"href":"https:\/\/www.acapulcopress.com\/index.php\/wp-json\/wp\/v2\/posts\/1223015\/revisions"}],"wp:featuredmedia":[{"embeddable":true,"href":"https:\/\/www.acapulcopress.com\/index.php\/wp-json\/"}],"wp:attachment":[{"href":"https:\/\/www.acapulcopress.com\/index.php\/wp-json\/wp\/v2\/media?parent=1223015"}],"wp:term":[{"taxonomy":"category","embeddable":true,"href":"https:\/\/www.acapulcopress.com\/index.php\/wp-json\/wp\/v2\/categories?post=1223015"},{"taxonomy":"post_tag","embeddable":true,"href":"https:\/\/www.acapulcopress.com\/index.php\/wp-json\/wp\/v2\/tags?post=1223015"}],"curies":[{"name":"wp","href":"https:\/\/api.w.org\/{rel}","templated":true}]}}