{"id":1223032,"date":"2021-03-19T20:05:54","date_gmt":"2021-03-20T02:05:54","guid":{"rendered":"https:\/\/www.acapulcopress.com\/?p=1223032"},"modified":"2021-03-19T20:05:54","modified_gmt":"2021-03-20T02:05:54","slug":"acepta-mario-compromiso-de-sanear-bahia-de-acapulco-para-tener-genuinas-playas-certificadas","status":"publish","type":"post","link":"https:\/\/www.acapulcopress.com\/index.php\/2021\/03\/19\/acepta-mario-compromiso-de-sanear-bahia-de-acapulco-para-tener-genuinas-playas-certificadas\/","title":{"rendered":"Acepta Mario compromiso de sanear Bah\u00eda de Acapulco para tener genuinas playas certificadas"},"content":{"rendered":"<p style=\"text-align: justify;\">ACAPULCO * 19 de marzo de 2021.<br \/>\n<em>] Acapulco Press \/ Redacci\u00f3n.<\/em><\/p>\n<p style=\"text-align: justify;\">Mario Moreno Arcos se comprometi\u00f3 con prestadores de servicios tur\u00edsticos del fraccionamiento Las Playas, Caleta y Caletilla, a a consolidar el saneamiento integral de la Bah\u00eda para que Acapulco cuente con genuinas playas certificas que atraigan no solo al turismo nacional, sino tambi\u00e9n al internacional.<\/p>\n<p style=\"text-align: justify;\"><img loading=\"lazy\" decoding=\"async\" class=\"alignleft size-medium wp-image-1223020\" src=\"https:\/\/www.acapulco.press\/wp-content\/uploads\/2021\/03\/Mario-Las-Playas5-375x281.jpg\" alt=\"\" width=\"375\" height=\"281\" \/>Durante el encuentro con restauranteros, pescadores, meseros, informadores de hoteles y boleteros, el candidato de la coalici\u00f3n #VaXGuerrero anunci\u00f3 que respaldar\u00e1 acciones tendientes a recuperar las p\u00e9rdidas que han sufrido por la pandemia del Covid-19.<\/p>\n<p style=\"text-align: justify;\">\u00abSer\u00e9 un Gobernador territorial, no de oficina\u00bb, por ello, \u201cvan a encontrar en m\u00ed a un gobernador solidario, que les va a traer recursos a trav\u00e9s de cr\u00e9ditos blandos para que puedan invertir\u201d, dijo Moreno Arcos, quien en este evento fue acompa\u00f1ado por el aspirante del PRD a la Alcald\u00eda de Acapulco, V\u00edctor Aguirre Alcaide, el presidente estatal del PRD, Alberto Catal\u00e1n Bastida; el diputado local Celestino Ces\u00e1reo Guzm\u00e1n, la coordinadora del distrito 04 de ese partido, Sheyla Soto, y los perredistas Francisco Rodr\u00edguez Otero, Jes\u00fas Silva y Alejandro Mart\u00ednez Sidney, entre otros.<\/p>\n<p style=\"text-align: justify;\"><img loading=\"lazy\" decoding=\"async\" class=\"alignnone wp-image-1223016 size-large\" src=\"https:\/\/www.acapulco.press\/wp-content\/uploads\/2021\/03\/Mario-Moreno-Jardin-840x630.jpg\" alt=\"\" width=\"840\" height=\"630\" \/><\/p>\n","protected":false},"excerpt":{"rendered":"<p>ACAPULCO * 19 de marzo de 2021. ] Acapulco Press \/ Redacci\u00f3n. Mario Moreno Arcos se comprometi\u00f3 con prestadores de servicios tur\u00edsticos del fraccionamiento Las Playas, Caleta y Caletilla, a a consolidar el saneamiento integral de la Bah\u00eda para que Acapulco cuente con genuinas playas certificas que atraigan no solo al turismo nacional, sino tambi\u00e9n&#8230;<\/p>\n","protected":false},"author":2,"featured_media":1223023,"comment_status":"closed","ping_status":"closed","sticky":false,"template":"","format":"standard","meta":{"footnotes":""},"categories":[2052,2053,1972,18561],"tags":[3664,4520,12685,17843],"class_list":["post-1223032","post","type-post","status-publish","format-standard","has-post-thumbnail","hentry","category-elecciones","category-elecciones-special","category-special","category-society-politics","tag-alianza-vaxguerrero","tag-bahia-de-acapulco","tag-mario-moreno-arcos","tag-victor-aguirre-alcaide"],"_links":{"self":[{"href":"https:\/\/www.acapulcopress.com\/index.php\/wp-json\/wp\/v2\/posts\/1223032","targetHints":{"allow":["GET"]}}],"collection":[{"href":"https:\/\/www.acapulcopress.com\/index.php\/wp-json\/wp\/v2\/posts"}],"about":[{"href":"https:\/\/www.acapulcopress.com\/index.php\/wp-json\/wp\/v2\/types\/post"}],"author":[{"embeddable":true,"href":"https:\/\/www.acapulcopress.com\/index.php\/wp-json\/wp\/v2\/users\/2"}],"replies":[{"embeddable":true,"href":"https:\/\/www.acapulcopress.com\/index.php\/wp-json\/wp\/v2\/comments?post=1223032"}],"version-history":[{"count":0,"href":"https:\/\/www.acapulcopress.com\/index.php\/wp-json\/wp\/v2\/posts\/1223032\/revisions"}],"wp:featuredmedia":[{"embeddable":true,"href":"https:\/\/www.acapulcopress.com\/index.php\/wp-json\/"}],"wp:attachment":[{"href":"https:\/\/www.acapulcopress.com\/index.php\/wp-json\/wp\/v2\/media?parent=1223032"}],"wp:term":[{"taxonomy":"category","embeddable":true,"href":"https:\/\/www.acapulcopress.com\/index.php\/wp-json\/wp\/v2\/categories?post=1223032"},{"taxonomy":"post_tag","embeddable":true,"href":"https:\/\/www.acapulcopress.com\/index.php\/wp-json\/wp\/v2\/tags?post=1223032"}],"curies":[{"name":"wp","href":"https:\/\/api.w.org\/{rel}","templated":true}]}}