{"id":1223050,"date":"2021-03-19T21:04:41","date_gmt":"2021-03-20T03:04:41","guid":{"rendered":"https:\/\/www.acapulcopress.com\/?p=1223050"},"modified":"2021-03-19T21:04:41","modified_gmt":"2021-03-20T03:04:41","slug":"acuerdan-victor-y-mario-crear-fondo-de-apoyo-para-prestadores-de-servicios-turisticos","status":"publish","type":"post","link":"https:\/\/www.acapulcopress.com\/index.php\/2021\/03\/19\/acuerdan-victor-y-mario-crear-fondo-de-apoyo-para-prestadores-de-servicios-turisticos\/","title":{"rendered":"Acuerdan V\u00edctor y Mario crear fondo de apoyo para prestadores de servicios  tur\u00edsticos"},"content":{"rendered":"<p style=\"text-align: justify;\">ACAPULCOO * 19 de marzo de 2021.<br \/>\n<em>] Especial.<\/em><\/p>\n<p style=\"text-align: justify;\">El coordinador de estructuras del PRD en Acapulco, V\u00edctor Aguirre Alcaide, y el candidato a gobernador de la alianza PRD-PRI al gobierno de Guerrero, Mario Moreno Arcos, coincidieron en formar un fondo econ\u00f3mico de emergencia <img loading=\"lazy\" decoding=\"async\" class=\"alignleft size-medium wp-image-1223044\" src=\"https:\/\/www.acapulco.press\/wp-content\/uploads\/2021\/03\/VICTOR-PLAYAS2-375x250.jpg\" alt=\"\" width=\"375\" height=\"250\" \/>a los prestadores de servicios tur\u00edsticos y el saneamiento de las playas.<\/p>\n<p style=\"text-align: justify;\">V\u00edctor Aguirre Alcaide asegur\u00f3 que los prestadores tur\u00edsticos fueron los m\u00e1s afectados por la pandemia del Covid-19, por lo que \u00abes necesario crear un fondo, a trav\u00e9s de la participaci\u00f3n del municipio, estado y la federaci\u00f3n\u00bb se lograr\u00e1 esta iniciativa despu\u00e9s de ganar la elecci\u00f3n del 6 de junio de este a\u00f1o.<\/p>\n<p style=\"text-align: justify;\">\u00abCon Mario Moreno est\u00e1 implementado un programa en los tres niveles de gobierno, cuando sea el presidente municipal, <img loading=\"lazy\" decoding=\"async\" class=\"alignleft size-medium wp-image-1223041\" src=\"https:\/\/www.acapulco.press\/wp-content\/uploads\/2021\/03\/VAA-PLAYAS-375x250.jpg\" alt=\"\" width=\"375\" height=\"250\" \/>para que se haga una bolsa econ\u00f3mica para el mejoramiento de los servidores tur\u00edsticos\u00bb, enfatiz\u00f3.<\/p>\n<p style=\"text-align: justify;\">El coordinador de estructuras del Sol Azteca, afirm\u00f3 que este sector productivo de los prestadores tur\u00edsticos, requieren que las autoridades certifiquen las playas, llegue el turismo internacional.<\/p>\n<p style=\"text-align: justify;\">Tras encabezar reuniones de estructura en la playa Caleta y Palma Sola, V\u00edctor Aguirre explic\u00f3 a Mario Moreno la situaci\u00f3n que atraviesan los prestadores tur\u00edsticos y las plantas tratadoras del puerto, que se encuentran obsoletas y <img loading=\"lazy\" decoding=\"async\" class=\"alignleft size-medium wp-image-1223023\" src=\"https:\/\/www.acapulco.press\/wp-content\/uploads\/2021\/03\/Mario-Moreno-Las-Playas-375x196.jpg\" alt=\"\" width=\"375\" height=\"196\" \/>permite que las descargas de aguas residuales se vayan al mar.<\/p>\n<p style=\"text-align: justify;\">En su intervenci\u00f3n, el candidato de la alianza \u00abVa por Guerrero\u00bb al gobierno estatal, Mario Moreno Arcos, coincidi\u00f3 con V\u00edctor Aguirre en trabajar en coordinaci\u00f3n (municipio y estado) para la reparaci\u00f3n de las plantas tratadoras residuales, con el objetivo de certificar las playas del puerto.<\/p>\n<p style=\"text-align: justify;\">\u00abCon absoluta confianza, disfruto este espacio tur\u00edstico, es el \u00fanico punto y que no hay dos que lo comparen, hay que recuperar estos lugares, con la fuerza, una vez llegando al gobierno de Guerrero\u00bb afirm\u00f3.<\/p>\n<p style=\"text-align: justify;\">V\u00edctor Aguirre Alcaide estuvo acompa\u00f1ado con el dirigente del PRD en Guerrero, Alberto Catal\u00e1n; la aspirante a diputada federal del 04 de la alianza PRD-PRI, Sheyla Soto; los coordinadores de estructuras del PRD, Rogelio Hern\u00e1ndez del 05 y Francisco Rodr\u00edguez del 03 y Edilma Galeana del PRI-PRD del 04, todos locales y el diputado local, Celestino Ces\u00e1reo Guzm\u00e1n.<\/p>\n","protected":false},"excerpt":{"rendered":"<p>ACAPULCOO * 19 de marzo de 2021. ] Especial. El coordinador de estructuras del PRD en Acapulco, V\u00edctor Aguirre Alcaide, y el candidato a gobernador de la alianza PRD-PRI al gobierno de Guerrero, Mario Moreno Arcos, coincidieron en formar un fondo econ\u00f3mico de emergencia a los prestadores de servicios tur\u00edsticos y el saneamiento de las&#8230;<\/p>\n","protected":false},"author":2,"featured_media":1223043,"comment_status":"closed","ping_status":"closed","sticky":false,"template":"","format":"standard","meta":{"footnotes":""},"categories":[2052,2053,1972,18561],"tags":[3153,5930,12685,14804,14914,17843],"class_list":["post-1223050","post","type-post","status-publish","format-standard","has-post-thumbnail","hentry","category-elecciones","category-elecciones-special","category-special","category-society-politics","tag-acapulco","tag-coalicion-vaxguerrero","tag-mario-moreno-arcos","tag-prd","tag-pri","tag-victor-aguirre-alcaide"],"_links":{"self":[{"href":"https:\/\/www.acapulcopress.com\/index.php\/wp-json\/wp\/v2\/posts\/1223050","targetHints":{"allow":["GET"]}}],"collection":[{"href":"https:\/\/www.acapulcopress.com\/index.php\/wp-json\/wp\/v2\/posts"}],"about":[{"href":"https:\/\/www.acapulcopress.com\/index.php\/wp-json\/wp\/v2\/types\/post"}],"author":[{"embeddable":true,"href":"https:\/\/www.acapulcopress.com\/index.php\/wp-json\/wp\/v2\/users\/2"}],"replies":[{"embeddable":true,"href":"https:\/\/www.acapulcopress.com\/index.php\/wp-json\/wp\/v2\/comments?post=1223050"}],"version-history":[{"count":0,"href":"https:\/\/www.acapulcopress.com\/index.php\/wp-json\/wp\/v2\/posts\/1223050\/revisions"}],"wp:featuredmedia":[{"embeddable":true,"href":"https:\/\/www.acapulcopress.com\/index.php\/wp-json\/"}],"wp:attachment":[{"href":"https:\/\/www.acapulcopress.com\/index.php\/wp-json\/wp\/v2\/media?parent=1223050"}],"wp:term":[{"taxonomy":"category","embeddable":true,"href":"https:\/\/www.acapulcopress.com\/index.php\/wp-json\/wp\/v2\/categories?post=1223050"},{"taxonomy":"post_tag","embeddable":true,"href":"https:\/\/www.acapulcopress.com\/index.php\/wp-json\/wp\/v2\/tags?post=1223050"}],"curies":[{"name":"wp","href":"https:\/\/api.w.org\/{rel}","templated":true}]}}